{"id":2406,"date":"2020-08-11T08:07:15","date_gmt":"2020-08-11T06:07:15","guid":{"rendered":"http:\/\/nszzfipwkrakow.pl\/?p=2406"},"modified":"2021-04-29T11:19:28","modified_gmt":"2021-04-29T09:19:28","slug":"wycieczka-do-zamoscia-as-krakow","status":"publish","type":"post","link":"https:\/\/nszzfipwkrakow.pl\/?p=2406","title":{"rendered":"Wycieczka do Zamo\u015bcia &#8211; A\u015a Krak\u00f3w"},"content":{"rendered":"\n<p>W dniu 18.07.2020 r. zorganizowano wycieczk\u0119 do Zamo\u015bcia &#8211; miasta Hetmana Wielkiego Koronnego \u00a0Jana Zamoyskiego. Zamo\u015b\u0107 otrzyma\u0142 prawa miejskie w 1580 roku, a w 1589 roku zosta\u0142 stolic\u0105 <strong>Ordynacji Zamojskiej<\/strong>. W 1992 roku <strong>zamojska star\u00f3wka<\/strong> zosta\u0142a wpisana na List\u0119 \u015awiatowego Dziedzictwa Kultury UNESCO. Po drodze zwiedzono Zwierzyniec oraz Kaplic\u0119 Naj\u015bwi\u0119tszej Maryi Panny w Krasnobrodzie. Uczestnicy wyjazdu podziwiali malownicze krajobrazy Roztocza, zapoznaj\u0105c si\u0119 z ciekaw\u0105 i burzliw\u0105 histori\u0105 tych teren\u00f3w, opowiedzian\u0105 przez lokalnego przewodnika. Przy pi\u0119knej s\u0142onecznej pogodzie, 23 osobowa grupa spacerowa\u0142a urokliwymi ulicami Zamo\u015bcia. Zwiedzono Katedr\u0119 Zmartwychwstania Pa\u0144skiego i \u015bw. Tomasza Aposto\u0142a, Skarbiec Historii, Sztuki i Nauki oraz Bastion VII &#8211; Nadszaniec. Zainteresowanie uczestnik\u00f3w wzbudzi\u0142 dom Marka Grechuty, Aleja S\u0142aw, Ratusz, kamienice ormia\u0144skie, a tak\u017ce Twierdza Zamo\u015b\u0107.<\/p>\n\n\n\n<figure class=\"wp-block-gallery columns-1 is-cropped wp-block-gallery-1 is-layout-flex wp-block-gallery-is-layout-flex\"><ul class=\"blocks-gallery-grid\"><li class=\"blocks-gallery-item\"><figure><img fetchpriority=\"high\" decoding=\"async\" width=\"1024\" height=\"768\" src=\"http:\/\/nszzfipwkrakow.pl\/wp-content\/uploads\/2020\/08\/Zamo\u015b\u01070-1024x768.jpg\" alt=\"\" data-id=\"2410\" data-full-url=\"http:\/\/nszzfipwkrakow.pl\/wp-content\/uploads\/2020\/08\/Zamo\u015b\u01070.jpg\" data-link=\"http:\/\/nszzfipwkrakow.pl\/index.php\/2020\/08\/11\/wycieczka-do-zamoscia-as-krakow\/zamosc0\/#main\" class=\"wp-image-2410\" srcset=\"https:\/\/nszzfipwkrakow.pl\/wp-content\/uploads\/2020\/08\/Zamo\u015b\u01070-1024x768.jpg 1024w, https:\/\/nszzfipwkrakow.pl\/wp-content\/uploads\/2020\/08\/Zamo\u015b\u01070-300x225.jpg 300w, https:\/\/nszzfipwkrakow.pl\/wp-content\/uploads\/2020\/08\/Zamo\u015b\u01070-768x576.jpg 768w, https:\/\/nszzfipwkrakow.pl\/wp-content\/uploads\/2020\/08\/Zamo\u015b\u01070-1536x1152.jpg 1536w, https:\/\/nszzfipwkrakow.pl\/wp-content\/uploads\/2020\/08\/Zamo\u015b\u01070.jpg 2016w\" sizes=\"(max-width: 1024px) 100vw, 1024px\" \/><\/figure><\/li><li class=\"blocks-gallery-item\"><figure><img decoding=\"async\" width=\"1024\" height=\"768\" src=\"http:\/\/nszzfipwkrakow.pl\/wp-content\/uploads\/2020\/08\/Roztocze0-1024x768.jpg\" alt=\"\" data-id=\"2408\" data-full-url=\"http:\/\/nszzfipwkrakow.pl\/wp-content\/uploads\/2020\/08\/Roztocze0.jpg\" data-link=\"http:\/\/nszzfipwkrakow.pl\/index.php\/2020\/08\/11\/wycieczka-do-zamoscia-as-krakow\/roztocze0\/#main\" class=\"wp-image-2408\" srcset=\"https:\/\/nszzfipwkrakow.pl\/wp-content\/uploads\/2020\/08\/Roztocze0-1024x768.jpg 1024w, https:\/\/nszzfipwkrakow.pl\/wp-content\/uploads\/2020\/08\/Roztocze0-300x225.jpg 300w, https:\/\/nszzfipwkrakow.pl\/wp-content\/uploads\/2020\/08\/Roztocze0-768x576.jpg 768w, https:\/\/nszzfipwkrakow.pl\/wp-content\/uploads\/2020\/08\/Roztocze0-1536x1152.jpg 1536w, https:\/\/nszzfipwkrakow.pl\/wp-content\/uploads\/2020\/08\/Roztocze0.jpg 2016w\" sizes=\"(max-width: 1024px) 100vw, 1024px\" \/><\/figure><\/li><li class=\"blocks-gallery-item\"><figure><img decoding=\"async\" width=\"1024\" height=\"768\" src=\"http:\/\/nszzfipwkrakow.pl\/wp-content\/uploads\/2020\/08\/Roztocze1-1024x768.jpg\" alt=\"\" data-id=\"2409\" data-full-url=\"http:\/\/nszzfipwkrakow.pl\/wp-content\/uploads\/2020\/08\/Roztocze1.jpg\" data-link=\"http:\/\/nszzfipwkrakow.pl\/index.php\/2020\/08\/11\/wycieczka-do-zamoscia-as-krakow\/roztocze1\/#main\" class=\"wp-image-2409\" srcset=\"https:\/\/nszzfipwkrakow.pl\/wp-content\/uploads\/2020\/08\/Roztocze1-1024x768.jpg 1024w, https:\/\/nszzfipwkrakow.pl\/wp-content\/uploads\/2020\/08\/Roztocze1-300x225.jpg 300w, https:\/\/nszzfipwkrakow.pl\/wp-content\/uploads\/2020\/08\/Roztocze1-768x576.jpg 768w, https:\/\/nszzfipwkrakow.pl\/wp-content\/uploads\/2020\/08\/Roztocze1-1536x1152.jpg 1536w, https:\/\/nszzfipwkrakow.pl\/wp-content\/uploads\/2020\/08\/Roztocze1.jpg 2016w\" sizes=\"(max-width: 1024px) 100vw, 1024px\" \/><\/figure><\/li><li class=\"blocks-gallery-item\"><figure><img loading=\"lazy\" decoding=\"async\" width=\"1024\" height=\"768\" src=\"http:\/\/nszzfipwkrakow.pl\/wp-content\/uploads\/2020\/08\/Zamo\u015b\u01079-1024x768.jpg\" alt=\"\" data-id=\"2419\" data-full-url=\"http:\/\/nszzfipwkrakow.pl\/wp-content\/uploads\/2020\/08\/Zamo\u015b\u01079.jpg\" data-link=\"http:\/\/nszzfipwkrakow.pl\/index.php\/2020\/08\/11\/wycieczka-do-zamoscia-as-krakow\/zamosc9\/#main\" class=\"wp-image-2419\" srcset=\"https:\/\/nszzfipwkrakow.pl\/wp-content\/uploads\/2020\/08\/Zamo\u015b\u01079-1024x768.jpg 1024w, https:\/\/nszzfipwkrakow.pl\/wp-content\/uploads\/2020\/08\/Zamo\u015b\u01079-300x225.jpg 300w, https:\/\/nszzfipwkrakow.pl\/wp-content\/uploads\/2020\/08\/Zamo\u015b\u01079-768x576.jpg 768w, https:\/\/nszzfipwkrakow.pl\/wp-content\/uploads\/2020\/08\/Zamo\u015b\u01079-1536x1152.jpg 1536w, https:\/\/nszzfipwkrakow.pl\/wp-content\/uploads\/2020\/08\/Zamo\u015b\u01079.jpg 2016w\" sizes=\"(max-width: 1024px) 100vw, 1024px\" \/><\/figure><\/li><li class=\"blocks-gallery-item\"><figure><img loading=\"lazy\" decoding=\"async\" width=\"1024\" height=\"625\" src=\"http:\/\/nszzfipwkrakow.pl\/wp-content\/uploads\/2020\/08\/Zamo\u015b\u01078-1024x625.jpg\" alt=\"\" data-id=\"2418\" data-full-url=\"http:\/\/nszzfipwkrakow.pl\/wp-content\/uploads\/2020\/08\/Zamo\u015b\u01078.jpg\" data-link=\"http:\/\/nszzfipwkrakow.pl\/index.php\/2020\/08\/11\/wycieczka-do-zamoscia-as-krakow\/zamosc8\/#main\" class=\"wp-image-2418\" srcset=\"https:\/\/nszzfipwkrakow.pl\/wp-content\/uploads\/2020\/08\/Zamo\u015b\u01078-1024x625.jpg 1024w, https:\/\/nszzfipwkrakow.pl\/wp-content\/uploads\/2020\/08\/Zamo\u015b\u01078-300x183.jpg 300w, https:\/\/nszzfipwkrakow.pl\/wp-content\/uploads\/2020\/08\/Zamo\u015b\u01078-768x469.jpg 768w, https:\/\/nszzfipwkrakow.pl\/wp-content\/uploads\/2020\/08\/Zamo\u015b\u01078-1536x937.jpg 1536w, https:\/\/nszzfipwkrakow.pl\/wp-content\/uploads\/2020\/08\/Zamo\u015b\u01078-240x145.jpg 240w, https:\/\/nszzfipwkrakow.pl\/wp-content\/uploads\/2020\/08\/Zamo\u015b\u01078.jpg 1908w\" sizes=\"(max-width: 1024px) 100vw, 1024px\" \/><\/figure><\/li><li class=\"blocks-gallery-item\"><figure><img loading=\"lazy\" decoding=\"async\" width=\"768\" height=\"1024\" src=\"http:\/\/nszzfipwkrakow.pl\/wp-content\/uploads\/2020\/08\/Zamo\u015b\u01077-768x1024.jpg\" alt=\"\" data-id=\"2417\" data-full-url=\"http:\/\/nszzfipwkrakow.pl\/wp-content\/uploads\/2020\/08\/Zamo\u015b\u01077-scaled.jpg\" data-link=\"http:\/\/nszzfipwkrakow.pl\/index.php\/2020\/08\/11\/wycieczka-do-zamoscia-as-krakow\/zamosc7\/#main\" class=\"wp-image-2417\" srcset=\"https:\/\/nszzfipwkrakow.pl\/wp-content\/uploads\/2020\/08\/Zamo\u015b\u01077-768x1024.jpg 768w, https:\/\/nszzfipwkrakow.pl\/wp-content\/uploads\/2020\/08\/Zamo\u015b\u01077-225x300.jpg 225w, https:\/\/nszzfipwkrakow.pl\/wp-content\/uploads\/2020\/08\/Zamo\u015b\u01077-1152x1536.jpg 1152w, https:\/\/nszzfipwkrakow.pl\/wp-content\/uploads\/2020\/08\/Zamo\u015b\u01077-1536x2048.jpg 1536w, https:\/\/nszzfipwkrakow.pl\/wp-content\/uploads\/2020\/08\/Zamo\u015b\u01077-scaled.jpg 1920w\" sizes=\"(max-width: 768px) 100vw, 768px\" \/><\/figure><\/li><li class=\"blocks-gallery-item\"><figure><img loading=\"lazy\" decoding=\"async\" width=\"1024\" height=\"768\" src=\"http:\/\/nszzfipwkrakow.pl\/wp-content\/uploads\/2020\/08\/Zamo\u015b\u01076-1024x768.jpg\" alt=\"\" data-id=\"2416\" data-full-url=\"http:\/\/nszzfipwkrakow.pl\/wp-content\/uploads\/2020\/08\/Zamo\u015b\u01076-scaled.jpg\" data-link=\"http:\/\/nszzfipwkrakow.pl\/index.php\/2020\/08\/11\/wycieczka-do-zamoscia-as-krakow\/zamosc6\/#main\" class=\"wp-image-2416\" srcset=\"https:\/\/nszzfipwkrakow.pl\/wp-content\/uploads\/2020\/08\/Zamo\u015b\u01076-1024x768.jpg 1024w, https:\/\/nszzfipwkrakow.pl\/wp-content\/uploads\/2020\/08\/Zamo\u015b\u01076-300x225.jpg 300w, https:\/\/nszzfipwkrakow.pl\/wp-content\/uploads\/2020\/08\/Zamo\u015b\u01076-768x576.jpg 768w, https:\/\/nszzfipwkrakow.pl\/wp-content\/uploads\/2020\/08\/Zamo\u015b\u01076-1536x1152.jpg 1536w, https:\/\/nszzfipwkrakow.pl\/wp-content\/uploads\/2020\/08\/Zamo\u015b\u01076-2048x1536.jpg 2048w\" sizes=\"(max-width: 1024px) 100vw, 1024px\" \/><\/figure><\/li><li class=\"blocks-gallery-item\"><figure><img loading=\"lazy\" decoding=\"async\" width=\"768\" height=\"1024\" src=\"http:\/\/nszzfipwkrakow.pl\/wp-content\/uploads\/2020\/08\/Zamo\u015b\u01075-768x1024.jpg\" alt=\"\" data-id=\"2415\" data-full-url=\"http:\/\/nszzfipwkrakow.pl\/wp-content\/uploads\/2020\/08\/Zamo\u015b\u01075-scaled.jpg\" data-link=\"http:\/\/nszzfipwkrakow.pl\/index.php\/2020\/08\/11\/wycieczka-do-zamoscia-as-krakow\/zamosc5\/#main\" class=\"wp-image-2415\" srcset=\"https:\/\/nszzfipwkrakow.pl\/wp-content\/uploads\/2020\/08\/Zamo\u015b\u01075-768x1024.jpg 768w, https:\/\/nszzfipwkrakow.pl\/wp-content\/uploads\/2020\/08\/Zamo\u015b\u01075-225x300.jpg 225w, https:\/\/nszzfipwkrakow.pl\/wp-content\/uploads\/2020\/08\/Zamo\u015b\u01075-1152x1536.jpg 1152w, https:\/\/nszzfipwkrakow.pl\/wp-content\/uploads\/2020\/08\/Zamo\u015b\u01075-1536x2048.jpg 1536w, https:\/\/nszzfipwkrakow.pl\/wp-content\/uploads\/2020\/08\/Zamo\u015b\u01075-scaled.jpg 1920w\" sizes=\"(max-width: 768px) 100vw, 768px\" \/><\/figure><\/li><li class=\"blocks-gallery-item\"><figure><img loading=\"lazy\" decoding=\"async\" width=\"1024\" height=\"768\" src=\"http:\/\/nszzfipwkrakow.pl\/wp-content\/uploads\/2020\/08\/Zamo\u015b\u01074-1024x768.jpg\" alt=\"\" data-id=\"2414\" data-full-url=\"http:\/\/nszzfipwkrakow.pl\/wp-content\/uploads\/2020\/08\/Zamo\u015b\u01074-scaled.jpg\" data-link=\"http:\/\/nszzfipwkrakow.pl\/index.php\/2020\/08\/11\/wycieczka-do-zamoscia-as-krakow\/zamosc4\/#main\" class=\"wp-image-2414\" srcset=\"https:\/\/nszzfipwkrakow.pl\/wp-content\/uploads\/2020\/08\/Zamo\u015b\u01074-1024x768.jpg 1024w, https:\/\/nszzfipwkrakow.pl\/wp-content\/uploads\/2020\/08\/Zamo\u015b\u01074-300x225.jpg 300w, https:\/\/nszzfipwkrakow.pl\/wp-content\/uploads\/2020\/08\/Zamo\u015b\u01074-768x576.jpg 768w, https:\/\/nszzfipwkrakow.pl\/wp-content\/uploads\/2020\/08\/Zamo\u015b\u01074-1536x1152.jpg 1536w, https:\/\/nszzfipwkrakow.pl\/wp-content\/uploads\/2020\/08\/Zamo\u015b\u01074-2048x1536.jpg 2048w\" sizes=\"(max-width: 1024px) 100vw, 1024px\" \/><\/figure><\/li><li class=\"blocks-gallery-item\"><figure><img loading=\"lazy\" decoding=\"async\" width=\"1024\" height=\"768\" src=\"http:\/\/nszzfipwkrakow.pl\/wp-content\/uploads\/2020\/08\/Zamo\u015b\u01073-1024x768.jpg\" alt=\"\" data-id=\"2413\" data-full-url=\"http:\/\/nszzfipwkrakow.pl\/wp-content\/uploads\/2020\/08\/Zamo\u015b\u01073-scaled.jpg\" data-link=\"http:\/\/nszzfipwkrakow.pl\/index.php\/2020\/08\/11\/wycieczka-do-zamoscia-as-krakow\/zamosc3\/#main\" class=\"wp-image-2413\" srcset=\"https:\/\/nszzfipwkrakow.pl\/wp-content\/uploads\/2020\/08\/Zamo\u015b\u01073-1024x768.jpg 1024w, https:\/\/nszzfipwkrakow.pl\/wp-content\/uploads\/2020\/08\/Zamo\u015b\u01073-300x225.jpg 300w, https:\/\/nszzfipwkrakow.pl\/wp-content\/uploads\/2020\/08\/Zamo\u015b\u01073-768x576.jpg 768w, https:\/\/nszzfipwkrakow.pl\/wp-content\/uploads\/2020\/08\/Zamo\u015b\u01073-1536x1152.jpg 1536w, https:\/\/nszzfipwkrakow.pl\/wp-content\/uploads\/2020\/08\/Zamo\u015b\u01073-2048x1536.jpg 2048w\" sizes=\"(max-width: 1024px) 100vw, 1024px\" \/><\/figure><\/li><li class=\"blocks-gallery-item\"><figure><img loading=\"lazy\" decoding=\"async\" width=\"1024\" height=\"768\" src=\"http:\/\/nszzfipwkrakow.pl\/wp-content\/uploads\/2020\/08\/Zamo\u015b\u01072-1024x768.jpg\" alt=\"\" data-id=\"2412\" data-full-url=\"http:\/\/nszzfipwkrakow.pl\/wp-content\/uploads\/2020\/08\/Zamo\u015b\u01072-scaled.jpg\" data-link=\"http:\/\/nszzfipwkrakow.pl\/index.php\/2020\/08\/11\/wycieczka-do-zamoscia-as-krakow\/zamosc2\/#main\" class=\"wp-image-2412\" srcset=\"https:\/\/nszzfipwkrakow.pl\/wp-content\/uploads\/2020\/08\/Zamo\u015b\u01072-1024x768.jpg 1024w, https:\/\/nszzfipwkrakow.pl\/wp-content\/uploads\/2020\/08\/Zamo\u015b\u01072-300x225.jpg 300w, https:\/\/nszzfipwkrakow.pl\/wp-content\/uploads\/2020\/08\/Zamo\u015b\u01072-768x576.jpg 768w, https:\/\/nszzfipwkrakow.pl\/wp-content\/uploads\/2020\/08\/Zamo\u015b\u01072-1536x1152.jpg 1536w, https:\/\/nszzfipwkrakow.pl\/wp-content\/uploads\/2020\/08\/Zamo\u015b\u01072-2048x1536.jpg 2048w\" sizes=\"(max-width: 1024px) 100vw, 1024px\" \/><\/figure><\/li><li class=\"blocks-gallery-item\"><figure><img loading=\"lazy\" decoding=\"async\" width=\"1024\" height=\"500\" src=\"http:\/\/nszzfipwkrakow.pl\/wp-content\/uploads\/2020\/08\/Zamo\u015b\u01071-1024x500.jpg\" alt=\"\" data-id=\"2411\" data-full-url=\"http:\/\/nszzfipwkrakow.pl\/wp-content\/uploads\/2020\/08\/Zamo\u015b\u01071-rotated.jpg\" data-link=\"http:\/\/nszzfipwkrakow.pl\/index.php\/2020\/08\/11\/wycieczka-do-zamoscia-as-krakow\/zamosc1\/#main\" class=\"wp-image-2411\" srcset=\"https:\/\/nszzfipwkrakow.pl\/wp-content\/uploads\/2020\/08\/Zamo\u015b\u01071-1024x500.jpg 1024w, https:\/\/nszzfipwkrakow.pl\/wp-content\/uploads\/2020\/08\/Zamo\u015b\u01071-300x146.jpg 300w, https:\/\/nszzfipwkrakow.pl\/wp-content\/uploads\/2020\/08\/Zamo\u015b\u01071-768x375.jpg 768w, https:\/\/nszzfipwkrakow.pl\/wp-content\/uploads\/2020\/08\/Zamo\u015b\u01071-1536x750.jpg 1536w, https:\/\/nszzfipwkrakow.pl\/wp-content\/uploads\/2020\/08\/Zamo\u015b\u01071-rotated.jpg 1920w\" sizes=\"(max-width: 1024px) 100vw, 1024px\" \/><\/figure><\/li><\/ul><\/figure>\n","protected":false},"excerpt":{"rendered":"<p>W dniu 18.07.2020 r. zorganizowano wycieczk\u0119 do Zamo\u015bcia &#8211; miasta Hetmana Wielkiego Koronnego \u00a0Jana Zamoyskiego. Zamo\u015b\u0107 otrzyma\u0142 prawa miejskie w 1580 roku, a w 1589 roku zosta\u0142 stolic\u0105 Ordynacji Zamojskiej. W 1992 roku zamojska star\u00f3wka zosta\u0142a wpisana na List\u0119 \u015awiatowego Dziedzictwa Kultury UNESCO. Po drodze zwiedzono Zwierzyniec oraz Kaplic\u0119 Naj\u015bwi\u0119tszej Maryi Panny w Krasnobrodzie. Uczestnicy&#8230; <\/p>\n","protected":false},"author":1,"featured_media":2407,"comment_status":"closed","ping_status":"open","sticky":false,"template":"","format":"standard","meta":{"footnotes":""},"categories":[12],"tags":[],"class_list":["post-2406","post","type-post","status-publish","format-standard","has-post-thumbnail","hentry","category-as-krakow"],"yoast_head":"<!-- This site is optimized with the Yoast SEO plugin v23.6 - https:\/\/yoast.com\/wordpress\/plugins\/seo\/ -->\n<title>Wycieczka do Zamo\u015bcia - A\u015a Krak\u00f3w - NSZZFIPW KRAK\u00d3W<\/title>\n<meta name=\"robots\" content=\"index, follow, max-snippet:-1, max-image-preview:large, max-video-preview:-1\" \/>\n<link rel=\"canonical\" href=\"https:\/\/nszzfipwkrakow.pl\/?p=2406\" \/>\n<meta property=\"og:locale\" content=\"pl_PL\" \/>\n<meta property=\"og:type\" content=\"article\" \/>\n<meta property=\"og:title\" content=\"Wycieczka do Zamo\u015bcia - A\u015a Krak\u00f3w - NSZZFIPW KRAK\u00d3W\" \/>\n<meta property=\"og:description\" content=\"W dniu 18.07.2020 r. zorganizowano wycieczk\u0119 do Zamo\u015bcia &#8211; miasta Hetmana Wielkiego Koronnego \u00a0Jana Zamoyskiego. Zamo\u015b\u0107 otrzyma\u0142 prawa miejskie w 1580 roku, a w 1589 roku zosta\u0142 stolic\u0105 Ordynacji Zamojskiej. W 1992 roku zamojska star\u00f3wka zosta\u0142a wpisana na List\u0119 \u015awiatowego Dziedzictwa Kultury UNESCO. Po drodze zwiedzono Zwierzyniec oraz Kaplic\u0119 Naj\u015bwi\u0119tszej Maryi Panny w Krasnobrodzie. Uczestnicy...\" \/>\n<meta property=\"og:url\" content=\"https:\/\/nszzfipwkrakow.pl\/?p=2406\" \/>\n<meta property=\"og:site_name\" content=\"NSZZFIPW KRAK\u00d3W\" \/>\n<meta property=\"article:published_time\" content=\"2020-08-11T06:07:15+00:00\" \/>\n<meta property=\"article:modified_time\" content=\"2021-04-29T09:19:28+00:00\" \/>\n<meta property=\"og:image\" content=\"https:\/\/nszzfipwkrakow.pl\/wp-content\/uploads\/2020\/08\/logo-zamosc-twierdza-otwarta.jpg\" \/>\n\t<meta property=\"og:image:width\" content=\"307\" \/>\n\t<meta property=\"og:image:height\" content=\"164\" \/>\n\t<meta property=\"og:image:type\" content=\"image\/jpeg\" \/>\n<meta name=\"author\" content=\"admin\" \/>\n<meta name=\"twitter:card\" content=\"summary_large_image\" \/>\n<meta name=\"twitter:label1\" content=\"Napisane przez\" \/>\n\t<meta name=\"twitter:data1\" content=\"admin\" \/>\n\t<meta name=\"twitter:label2\" content=\"Szacowany czas czytania\" \/>\n\t<meta name=\"twitter:data2\" content=\"1 minuta\" \/>\n<script type=\"application\/ld+json\" class=\"yoast-schema-graph\">{\"@context\":\"https:\/\/schema.org\",\"@graph\":[{\"@type\":\"WebPage\",\"@id\":\"https:\/\/nszzfipwkrakow.pl\/?p=2406\",\"url\":\"https:\/\/nszzfipwkrakow.pl\/?p=2406\",\"name\":\"Wycieczka do Zamo\u015bcia - A\u015a Krak\u00f3w - NSZZFIPW KRAK\u00d3W\",\"isPartOf\":{\"@id\":\"https:\/\/nszzfipwkrakow.pl\/#website\"},\"primaryImageOfPage\":{\"@id\":\"https:\/\/nszzfipwkrakow.pl\/?p=2406#primaryimage\"},\"image\":{\"@id\":\"https:\/\/nszzfipwkrakow.pl\/?p=2406#primaryimage\"},\"thumbnailUrl\":\"https:\/\/nszzfipwkrakow.pl\/wp-content\/uploads\/2020\/08\/logo-zamosc-twierdza-otwarta.jpg\",\"datePublished\":\"2020-08-11T06:07:15+00:00\",\"dateModified\":\"2021-04-29T09:19:28+00:00\",\"author\":{\"@id\":\"https:\/\/nszzfipwkrakow.pl\/#\/schema\/person\/6ed4f5653fcef94e0679828bd6c401a3\"},\"breadcrumb\":{\"@id\":\"https:\/\/nszzfipwkrakow.pl\/?p=2406#breadcrumb\"},\"inLanguage\":\"pl-PL\",\"potentialAction\":[{\"@type\":\"ReadAction\",\"target\":[\"https:\/\/nszzfipwkrakow.pl\/?p=2406\"]}]},{\"@type\":\"ImageObject\",\"inLanguage\":\"pl-PL\",\"@id\":\"https:\/\/nszzfipwkrakow.pl\/?p=2406#primaryimage\",\"url\":\"https:\/\/nszzfipwkrakow.pl\/wp-content\/uploads\/2020\/08\/logo-zamosc-twierdza-otwarta.jpg\",\"contentUrl\":\"https:\/\/nszzfipwkrakow.pl\/wp-content\/uploads\/2020\/08\/logo-zamosc-twierdza-otwarta.jpg\",\"width\":307,\"height\":164},{\"@type\":\"BreadcrumbList\",\"@id\":\"https:\/\/nszzfipwkrakow.pl\/?p=2406#breadcrumb\",\"itemListElement\":[{\"@type\":\"ListItem\",\"position\":1,\"name\":\"Strona g\u0142\u00f3wna\",\"item\":\"https:\/\/nszzfipwkrakow.pl\/\"},{\"@type\":\"ListItem\",\"position\":2,\"name\":\"Wycieczka do Zamo\u015bcia &#8211; A\u015a Krak\u00f3w\"}]},{\"@type\":\"WebSite\",\"@id\":\"https:\/\/nszzfipwkrakow.pl\/#website\",\"url\":\"https:\/\/nszzfipwkrakow.pl\/\",\"name\":\"NSZZFIPW KRAK\u00d3W\",\"description\":\"ZARZ\u0104D OKR\u0118GOWY KRAK\u00d3W\",\"potentialAction\":[{\"@type\":\"SearchAction\",\"target\":{\"@type\":\"EntryPoint\",\"urlTemplate\":\"https:\/\/nszzfipwkrakow.pl\/?s={search_term_string}\"},\"query-input\":{\"@type\":\"PropertyValueSpecification\",\"valueRequired\":true,\"valueName\":\"search_term_string\"}}],\"inLanguage\":\"pl-PL\"},{\"@type\":\"Person\",\"@id\":\"https:\/\/nszzfipwkrakow.pl\/#\/schema\/person\/6ed4f5653fcef94e0679828bd6c401a3\",\"name\":\"admin\",\"image\":{\"@type\":\"ImageObject\",\"inLanguage\":\"pl-PL\",\"@id\":\"https:\/\/nszzfipwkrakow.pl\/#\/schema\/person\/image\/\",\"url\":\"https:\/\/secure.gravatar.com\/avatar\/a70b0ad75215a3dab992971e93f6fa17d27386e5f39894f93a7a74854f9c125c?s=96&d=mm&r=g\",\"contentUrl\":\"https:\/\/secure.gravatar.com\/avatar\/a70b0ad75215a3dab992971e93f6fa17d27386e5f39894f93a7a74854f9c125c?s=96&d=mm&r=g\",\"caption\":\"admin\"},\"url\":\"https:\/\/nszzfipwkrakow.pl\/?author=1\"}]}<\/script>\n<!-- \/ Yoast SEO plugin. -->","yoast_head_json":{"title":"Wycieczka do Zamo\u015bcia - A\u015a Krak\u00f3w - NSZZFIPW KRAK\u00d3W","robots":{"index":"index","follow":"follow","max-snippet":"max-snippet:-1","max-image-preview":"max-image-preview:large","max-video-preview":"max-video-preview:-1"},"canonical":"https:\/\/nszzfipwkrakow.pl\/?p=2406","og_locale":"pl_PL","og_type":"article","og_title":"Wycieczka do Zamo\u015bcia - A\u015a Krak\u00f3w - NSZZFIPW KRAK\u00d3W","og_description":"W dniu 18.07.2020 r. zorganizowano wycieczk\u0119 do Zamo\u015bcia &#8211; miasta Hetmana Wielkiego Koronnego \u00a0Jana Zamoyskiego. Zamo\u015b\u0107 otrzyma\u0142 prawa miejskie w 1580 roku, a w 1589 roku zosta\u0142 stolic\u0105 Ordynacji Zamojskiej. W 1992 roku zamojska star\u00f3wka zosta\u0142a wpisana na List\u0119 \u015awiatowego Dziedzictwa Kultury UNESCO. Po drodze zwiedzono Zwierzyniec oraz Kaplic\u0119 Naj\u015bwi\u0119tszej Maryi Panny w Krasnobrodzie. Uczestnicy...","og_url":"https:\/\/nszzfipwkrakow.pl\/?p=2406","og_site_name":"NSZZFIPW KRAK\u00d3W","article_published_time":"2020-08-11T06:07:15+00:00","article_modified_time":"2021-04-29T09:19:28+00:00","og_image":[{"width":307,"height":164,"url":"https:\/\/nszzfipwkrakow.pl\/wp-content\/uploads\/2020\/08\/logo-zamosc-twierdza-otwarta.jpg","type":"image\/jpeg"}],"author":"admin","twitter_card":"summary_large_image","twitter_misc":{"Napisane przez":"admin","Szacowany czas czytania":"1 minuta"},"schema":{"@context":"https:\/\/schema.org","@graph":[{"@type":"WebPage","@id":"https:\/\/nszzfipwkrakow.pl\/?p=2406","url":"https:\/\/nszzfipwkrakow.pl\/?p=2406","name":"Wycieczka do Zamo\u015bcia - A\u015a Krak\u00f3w - NSZZFIPW KRAK\u00d3W","isPartOf":{"@id":"https:\/\/nszzfipwkrakow.pl\/#website"},"primaryImageOfPage":{"@id":"https:\/\/nszzfipwkrakow.pl\/?p=2406#primaryimage"},"image":{"@id":"https:\/\/nszzfipwkrakow.pl\/?p=2406#primaryimage"},"thumbnailUrl":"https:\/\/nszzfipwkrakow.pl\/wp-content\/uploads\/2020\/08\/logo-zamosc-twierdza-otwarta.jpg","datePublished":"2020-08-11T06:07:15+00:00","dateModified":"2021-04-29T09:19:28+00:00","author":{"@id":"https:\/\/nszzfipwkrakow.pl\/#\/schema\/person\/6ed4f5653fcef94e0679828bd6c401a3"},"breadcrumb":{"@id":"https:\/\/nszzfipwkrakow.pl\/?p=2406#breadcrumb"},"inLanguage":"pl-PL","potentialAction":[{"@type":"ReadAction","target":["https:\/\/nszzfipwkrakow.pl\/?p=2406"]}]},{"@type":"ImageObject","inLanguage":"pl-PL","@id":"https:\/\/nszzfipwkrakow.pl\/?p=2406#primaryimage","url":"https:\/\/nszzfipwkrakow.pl\/wp-content\/uploads\/2020\/08\/logo-zamosc-twierdza-otwarta.jpg","contentUrl":"https:\/\/nszzfipwkrakow.pl\/wp-content\/uploads\/2020\/08\/logo-zamosc-twierdza-otwarta.jpg","width":307,"height":164},{"@type":"BreadcrumbList","@id":"https:\/\/nszzfipwkrakow.pl\/?p=2406#breadcrumb","itemListElement":[{"@type":"ListItem","position":1,"name":"Strona g\u0142\u00f3wna","item":"https:\/\/nszzfipwkrakow.pl\/"},{"@type":"ListItem","position":2,"name":"Wycieczka do Zamo\u015bcia &#8211; A\u015a Krak\u00f3w"}]},{"@type":"WebSite","@id":"https:\/\/nszzfipwkrakow.pl\/#website","url":"https:\/\/nszzfipwkrakow.pl\/","name":"NSZZFIPW KRAK\u00d3W","description":"ZARZ\u0104D OKR\u0118GOWY KRAK\u00d3W","potentialAction":[{"@type":"SearchAction","target":{"@type":"EntryPoint","urlTemplate":"https:\/\/nszzfipwkrakow.pl\/?s={search_term_string}"},"query-input":{"@type":"PropertyValueSpecification","valueRequired":true,"valueName":"search_term_string"}}],"inLanguage":"pl-PL"},{"@type":"Person","@id":"https:\/\/nszzfipwkrakow.pl\/#\/schema\/person\/6ed4f5653fcef94e0679828bd6c401a3","name":"admin","image":{"@type":"ImageObject","inLanguage":"pl-PL","@id":"https:\/\/nszzfipwkrakow.pl\/#\/schema\/person\/image\/","url":"https:\/\/secure.gravatar.com\/avatar\/a70b0ad75215a3dab992971e93f6fa17d27386e5f39894f93a7a74854f9c125c?s=96&d=mm&r=g","contentUrl":"https:\/\/secure.gravatar.com\/avatar\/a70b0ad75215a3dab992971e93f6fa17d27386e5f39894f93a7a74854f9c125c?s=96&d=mm&r=g","caption":"admin"},"url":"https:\/\/nszzfipwkrakow.pl\/?author=1"}]}},"_links":{"self":[{"href":"https:\/\/nszzfipwkrakow.pl\/index.php?rest_route=\/wp\/v2\/posts\/2406","targetHints":{"allow":["GET"]}}],"collection":[{"href":"https:\/\/nszzfipwkrakow.pl\/index.php?rest_route=\/wp\/v2\/posts"}],"about":[{"href":"https:\/\/nszzfipwkrakow.pl\/index.php?rest_route=\/wp\/v2\/types\/post"}],"author":[{"embeddable":true,"href":"https:\/\/nszzfipwkrakow.pl\/index.php?rest_route=\/wp\/v2\/users\/1"}],"replies":[{"embeddable":true,"href":"https:\/\/nszzfipwkrakow.pl\/index.php?rest_route=%2Fwp%2Fv2%2Fcomments&post=2406"}],"version-history":[{"count":4,"href":"https:\/\/nszzfipwkrakow.pl\/index.php?rest_route=\/wp\/v2\/posts\/2406\/revisions"}],"predecessor-version":[{"id":2423,"href":"https:\/\/nszzfipwkrakow.pl\/index.php?rest_route=\/wp\/v2\/posts\/2406\/revisions\/2423"}],"wp:featuredmedia":[{"embeddable":true,"href":"https:\/\/nszzfipwkrakow.pl\/index.php?rest_route=\/wp\/v2\/media\/2407"}],"wp:attachment":[{"href":"https:\/\/nszzfipwkrakow.pl\/index.php?rest_route=%2Fwp%2Fv2%2Fmedia&parent=2406"}],"wp:term":[{"taxonomy":"category","embeddable":true,"href":"https:\/\/nszzfipwkrakow.pl\/index.php?rest_route=%2Fwp%2Fv2%2Fcategories&post=2406"},{"taxonomy":"post_tag","embeddable":true,"href":"https:\/\/nszzfipwkrakow.pl\/index.php?rest_route=%2Fwp%2Fv2%2Ftags&post=2406"}],"curies":[{"name":"wp","href":"https:\/\/api.w.org\/{rel}","templated":true}]}}