{"id":2514,"date":"2020-12-14T07:56:19","date_gmt":"2020-12-14T06:56:19","guid":{"rendered":"http:\/\/nszzfipwkrakow.pl\/?p=2514"},"modified":"2021-04-29T11:19:21","modified_gmt":"2021-04-29T09:19:21","slug":"maseczki-ochronne-nszzfipw-w-okregu-krakowskim","status":"publish","type":"post","link":"https:\/\/nszzfipwkrakow.pl\/?p=2514","title":{"rendered":"Maseczki ochronne NSZZFiPW w Okr\u0119gu Krakowskim"},"content":{"rendered":"\n<p class=\"has-text-align-left has-medium-font-size\">Zarz\u0105d Okr\u0119gowy NSZZ Funkcjonariuszy i Pracownik\u00f3w Wi\u0119ziennictwa w Krakowie zakupi\u0142 maseczki ochronne dla Cz\u0142onk\u00f3w Zarz\u0105du Okr\u0119gowego. Do akcji do\u0142\u0105czy\u0142y si\u0119 Organizacje Terenowe z Zak\u0142adu Karnego w Tarnowie Mo\u015bcicach oraz Aresztu \u015aledczego w Krakowie. Maseczki w wymienionych jednostkach Organizacyjnych zosta\u0142y przekazane na potrzeby funkcjonariuszy przynale\u017c\u0105cych do NSZZFiPW. Zosta\u0142y one natychmiast rozdysponowane i ciesz\u0105 si\u0119 du\u017ca popularno\u015bci\u0105 w\u015br\u00f3d funkcjonariuszy i pracownik\u00f3w wi\u0119ziennictwa. Maseczki w du\u017cej mierze poprawi\u0105 bezpiecze\u0144stwo podczas codziennej \u017cmudnej i ci\u0119\u017ckiej s\u0142u\u017cby.<\/p>\n\n\n\n<p class=\"has-text-align-left\"><img fetchpriority=\"high\" decoding=\"async\" width=\"600\" height=\"338\" class=\"wp-image-2516\" style=\"width: 600px;\" src=\"http:\/\/nszzfipwkrakow.pl\/wp-content\/uploads\/2020\/12\/maseczki-nszzfipw-krakow.jpg\" alt=\"\" srcset=\"https:\/\/nszzfipwkrakow.pl\/wp-content\/uploads\/2020\/12\/maseczki-nszzfipw-krakow.jpg 2000w, https:\/\/nszzfipwkrakow.pl\/wp-content\/uploads\/2020\/12\/maseczki-nszzfipw-krakow-300x169.jpg 300w, https:\/\/nszzfipwkrakow.pl\/wp-content\/uploads\/2020\/12\/maseczki-nszzfipw-krakow-1024x576.jpg 1024w, https:\/\/nszzfipwkrakow.pl\/wp-content\/uploads\/2020\/12\/maseczki-nszzfipw-krakow-768x432.jpg 768w, https:\/\/nszzfipwkrakow.pl\/wp-content\/uploads\/2020\/12\/maseczki-nszzfipw-krakow-1536x864.jpg 1536w\" sizes=\"(max-width: 600px) 100vw, 600px\" \/><\/p>\n","protected":false},"excerpt":{"rendered":"<p>Zarz\u0105d Okr\u0119gowy NSZZ Funkcjonariuszy i Pracownik\u00f3w Wi\u0119ziennictwa w Krakowie zakupi\u0142 maseczki ochronne dla Cz\u0142onk\u00f3w Zarz\u0105du Okr\u0119gowego. Do akcji do\u0142\u0105czy\u0142y si\u0119 Organizacje Terenowe z Zak\u0142adu Karnego w Tarnowie Mo\u015bcicach oraz Aresztu \u015aledczego w Krakowie. Maseczki w wymienionych jednostkach Organizacyjnych zosta\u0142y przekazane na potrzeby funkcjonariuszy przynale\u017c\u0105cych do NSZZFiPW. Zosta\u0142y one natychmiast rozdysponowane i ciesz\u0105 si\u0119 du\u017ca popularno\u015bci\u0105&#8230; <\/p>\n","protected":false},"author":1,"featured_media":2515,"comment_status":"closed","ping_status":"open","sticky":false,"template":"","format":"standard","meta":{"footnotes":""},"categories":[1],"tags":[],"class_list":["post-2514","post","type-post","status-publish","format-standard","has-post-thumbnail","hentry","category-bez-kategorii"],"yoast_head":"<!-- This site is optimized with the Yoast SEO plugin v23.6 - https:\/\/yoast.com\/wordpress\/plugins\/seo\/ -->\n<title>Maseczki ochronne NSZZFiPW w Okr\u0119gu Krakowskim - NSZZFIPW KRAK\u00d3W<\/title>\n<meta name=\"robots\" content=\"index, follow, max-snippet:-1, max-image-preview:large, max-video-preview:-1\" \/>\n<link rel=\"canonical\" href=\"https:\/\/nszzfipwkrakow.pl\/?p=2514\" \/>\n<meta property=\"og:locale\" content=\"pl_PL\" \/>\n<meta property=\"og:type\" content=\"article\" \/>\n<meta property=\"og:title\" content=\"Maseczki ochronne NSZZFiPW w Okr\u0119gu Krakowskim - NSZZFIPW KRAK\u00d3W\" \/>\n<meta property=\"og:description\" content=\"Zarz\u0105d Okr\u0119gowy NSZZ Funkcjonariuszy i Pracownik\u00f3w Wi\u0119ziennictwa w Krakowie zakupi\u0142 maseczki ochronne dla Cz\u0142onk\u00f3w Zarz\u0105du Okr\u0119gowego. Do akcji do\u0142\u0105czy\u0142y si\u0119 Organizacje Terenowe z Zak\u0142adu Karnego w Tarnowie Mo\u015bcicach oraz Aresztu \u015aledczego w Krakowie. Maseczki w wymienionych jednostkach Organizacyjnych zosta\u0142y przekazane na potrzeby funkcjonariuszy przynale\u017c\u0105cych do NSZZFiPW. Zosta\u0142y one natychmiast rozdysponowane i ciesz\u0105 si\u0119 du\u017ca popularno\u015bci\u0105...\" \/>\n<meta property=\"og:url\" content=\"https:\/\/nszzfipwkrakow.pl\/?p=2514\" \/>\n<meta property=\"og:site_name\" content=\"NSZZFIPW KRAK\u00d3W\" \/>\n<meta property=\"article:published_time\" content=\"2020-12-14T06:56:19+00:00\" \/>\n<meta property=\"article:modified_time\" content=\"2021-04-29T09:19:21+00:00\" \/>\n<meta property=\"og:image\" content=\"https:\/\/nszzfipwkrakow.pl\/wp-content\/uploads\/2020\/12\/logo-maseczki.jpg\" \/>\n\t<meta property=\"og:image:width\" content=\"388\" \/>\n\t<meta property=\"og:image:height\" content=\"341\" \/>\n\t<meta property=\"og:image:type\" content=\"image\/jpeg\" \/>\n<meta name=\"author\" content=\"admin\" \/>\n<meta name=\"twitter:card\" content=\"summary_large_image\" \/>\n<meta name=\"twitter:label1\" content=\"Napisane przez\" \/>\n\t<meta name=\"twitter:data1\" content=\"admin\" \/>\n<script type=\"application\/ld+json\" class=\"yoast-schema-graph\">{\"@context\":\"https:\/\/schema.org\",\"@graph\":[{\"@type\":\"WebPage\",\"@id\":\"https:\/\/nszzfipwkrakow.pl\/?p=2514\",\"url\":\"https:\/\/nszzfipwkrakow.pl\/?p=2514\",\"name\":\"Maseczki ochronne NSZZFiPW w Okr\u0119gu Krakowskim - NSZZFIPW KRAK\u00d3W\",\"isPartOf\":{\"@id\":\"https:\/\/nszzfipwkrakow.pl\/#website\"},\"primaryImageOfPage\":{\"@id\":\"https:\/\/nszzfipwkrakow.pl\/?p=2514#primaryimage\"},\"image\":{\"@id\":\"https:\/\/nszzfipwkrakow.pl\/?p=2514#primaryimage\"},\"thumbnailUrl\":\"https:\/\/nszzfipwkrakow.pl\/wp-content\/uploads\/2020\/12\/logo-maseczki.jpg\",\"datePublished\":\"2020-12-14T06:56:19+00:00\",\"dateModified\":\"2021-04-29T09:19:21+00:00\",\"author\":{\"@id\":\"https:\/\/nszzfipwkrakow.pl\/#\/schema\/person\/6ed4f5653fcef94e0679828bd6c401a3\"},\"breadcrumb\":{\"@id\":\"https:\/\/nszzfipwkrakow.pl\/?p=2514#breadcrumb\"},\"inLanguage\":\"pl-PL\",\"potentialAction\":[{\"@type\":\"ReadAction\",\"target\":[\"https:\/\/nszzfipwkrakow.pl\/?p=2514\"]}]},{\"@type\":\"ImageObject\",\"inLanguage\":\"pl-PL\",\"@id\":\"https:\/\/nszzfipwkrakow.pl\/?p=2514#primaryimage\",\"url\":\"https:\/\/nszzfipwkrakow.pl\/wp-content\/uploads\/2020\/12\/logo-maseczki.jpg\",\"contentUrl\":\"https:\/\/nszzfipwkrakow.pl\/wp-content\/uploads\/2020\/12\/logo-maseczki.jpg\",\"width\":388,\"height\":341},{\"@type\":\"BreadcrumbList\",\"@id\":\"https:\/\/nszzfipwkrakow.pl\/?p=2514#breadcrumb\",\"itemListElement\":[{\"@type\":\"ListItem\",\"position\":1,\"name\":\"Strona g\u0142\u00f3wna\",\"item\":\"https:\/\/nszzfipwkrakow.pl\/\"},{\"@type\":\"ListItem\",\"position\":2,\"name\":\"Maseczki ochronne NSZZFiPW w Okr\u0119gu Krakowskim\"}]},{\"@type\":\"WebSite\",\"@id\":\"https:\/\/nszzfipwkrakow.pl\/#website\",\"url\":\"https:\/\/nszzfipwkrakow.pl\/\",\"name\":\"NSZZFIPW KRAK\u00d3W\",\"description\":\"ZARZ\u0104D OKR\u0118GOWY KRAK\u00d3W\",\"potentialAction\":[{\"@type\":\"SearchAction\",\"target\":{\"@type\":\"EntryPoint\",\"urlTemplate\":\"https:\/\/nszzfipwkrakow.pl\/?s={search_term_string}\"},\"query-input\":{\"@type\":\"PropertyValueSpecification\",\"valueRequired\":true,\"valueName\":\"search_term_string\"}}],\"inLanguage\":\"pl-PL\"},{\"@type\":\"Person\",\"@id\":\"https:\/\/nszzfipwkrakow.pl\/#\/schema\/person\/6ed4f5653fcef94e0679828bd6c401a3\",\"name\":\"admin\",\"image\":{\"@type\":\"ImageObject\",\"inLanguage\":\"pl-PL\",\"@id\":\"https:\/\/nszzfipwkrakow.pl\/#\/schema\/person\/image\/\",\"url\":\"https:\/\/secure.gravatar.com\/avatar\/a70b0ad75215a3dab992971e93f6fa17d27386e5f39894f93a7a74854f9c125c?s=96&d=mm&r=g\",\"contentUrl\":\"https:\/\/secure.gravatar.com\/avatar\/a70b0ad75215a3dab992971e93f6fa17d27386e5f39894f93a7a74854f9c125c?s=96&d=mm&r=g\",\"caption\":\"admin\"},\"url\":\"https:\/\/nszzfipwkrakow.pl\/?author=1\"}]}<\/script>\n<!-- \/ Yoast SEO plugin. -->","yoast_head_json":{"title":"Maseczki ochronne NSZZFiPW w Okr\u0119gu Krakowskim - NSZZFIPW KRAK\u00d3W","robots":{"index":"index","follow":"follow","max-snippet":"max-snippet:-1","max-image-preview":"max-image-preview:large","max-video-preview":"max-video-preview:-1"},"canonical":"https:\/\/nszzfipwkrakow.pl\/?p=2514","og_locale":"pl_PL","og_type":"article","og_title":"Maseczki ochronne NSZZFiPW w Okr\u0119gu Krakowskim - NSZZFIPW KRAK\u00d3W","og_description":"Zarz\u0105d Okr\u0119gowy NSZZ Funkcjonariuszy i Pracownik\u00f3w Wi\u0119ziennictwa w Krakowie zakupi\u0142 maseczki ochronne dla Cz\u0142onk\u00f3w Zarz\u0105du Okr\u0119gowego. Do akcji do\u0142\u0105czy\u0142y si\u0119 Organizacje Terenowe z Zak\u0142adu Karnego w Tarnowie Mo\u015bcicach oraz Aresztu \u015aledczego w Krakowie. Maseczki w wymienionych jednostkach Organizacyjnych zosta\u0142y przekazane na potrzeby funkcjonariuszy przynale\u017c\u0105cych do NSZZFiPW. Zosta\u0142y one natychmiast rozdysponowane i ciesz\u0105 si\u0119 du\u017ca popularno\u015bci\u0105...","og_url":"https:\/\/nszzfipwkrakow.pl\/?p=2514","og_site_name":"NSZZFIPW KRAK\u00d3W","article_published_time":"2020-12-14T06:56:19+00:00","article_modified_time":"2021-04-29T09:19:21+00:00","og_image":[{"width":388,"height":341,"url":"https:\/\/nszzfipwkrakow.pl\/wp-content\/uploads\/2020\/12\/logo-maseczki.jpg","type":"image\/jpeg"}],"author":"admin","twitter_card":"summary_large_image","twitter_misc":{"Napisane przez":"admin"},"schema":{"@context":"https:\/\/schema.org","@graph":[{"@type":"WebPage","@id":"https:\/\/nszzfipwkrakow.pl\/?p=2514","url":"https:\/\/nszzfipwkrakow.pl\/?p=2514","name":"Maseczki ochronne NSZZFiPW w Okr\u0119gu Krakowskim - NSZZFIPW KRAK\u00d3W","isPartOf":{"@id":"https:\/\/nszzfipwkrakow.pl\/#website"},"primaryImageOfPage":{"@id":"https:\/\/nszzfipwkrakow.pl\/?p=2514#primaryimage"},"image":{"@id":"https:\/\/nszzfipwkrakow.pl\/?p=2514#primaryimage"},"thumbnailUrl":"https:\/\/nszzfipwkrakow.pl\/wp-content\/uploads\/2020\/12\/logo-maseczki.jpg","datePublished":"2020-12-14T06:56:19+00:00","dateModified":"2021-04-29T09:19:21+00:00","author":{"@id":"https:\/\/nszzfipwkrakow.pl\/#\/schema\/person\/6ed4f5653fcef94e0679828bd6c401a3"},"breadcrumb":{"@id":"https:\/\/nszzfipwkrakow.pl\/?p=2514#breadcrumb"},"inLanguage":"pl-PL","potentialAction":[{"@type":"ReadAction","target":["https:\/\/nszzfipwkrakow.pl\/?p=2514"]}]},{"@type":"ImageObject","inLanguage":"pl-PL","@id":"https:\/\/nszzfipwkrakow.pl\/?p=2514#primaryimage","url":"https:\/\/nszzfipwkrakow.pl\/wp-content\/uploads\/2020\/12\/logo-maseczki.jpg","contentUrl":"https:\/\/nszzfipwkrakow.pl\/wp-content\/uploads\/2020\/12\/logo-maseczki.jpg","width":388,"height":341},{"@type":"BreadcrumbList","@id":"https:\/\/nszzfipwkrakow.pl\/?p=2514#breadcrumb","itemListElement":[{"@type":"ListItem","position":1,"name":"Strona g\u0142\u00f3wna","item":"https:\/\/nszzfipwkrakow.pl\/"},{"@type":"ListItem","position":2,"name":"Maseczki ochronne NSZZFiPW w Okr\u0119gu Krakowskim"}]},{"@type":"WebSite","@id":"https:\/\/nszzfipwkrakow.pl\/#website","url":"https:\/\/nszzfipwkrakow.pl\/","name":"NSZZFIPW KRAK\u00d3W","description":"ZARZ\u0104D OKR\u0118GOWY KRAK\u00d3W","potentialAction":[{"@type":"SearchAction","target":{"@type":"EntryPoint","urlTemplate":"https:\/\/nszzfipwkrakow.pl\/?s={search_term_string}"},"query-input":{"@type":"PropertyValueSpecification","valueRequired":true,"valueName":"search_term_string"}}],"inLanguage":"pl-PL"},{"@type":"Person","@id":"https:\/\/nszzfipwkrakow.pl\/#\/schema\/person\/6ed4f5653fcef94e0679828bd6c401a3","name":"admin","image":{"@type":"ImageObject","inLanguage":"pl-PL","@id":"https:\/\/nszzfipwkrakow.pl\/#\/schema\/person\/image\/","url":"https:\/\/secure.gravatar.com\/avatar\/a70b0ad75215a3dab992971e93f6fa17d27386e5f39894f93a7a74854f9c125c?s=96&d=mm&r=g","contentUrl":"https:\/\/secure.gravatar.com\/avatar\/a70b0ad75215a3dab992971e93f6fa17d27386e5f39894f93a7a74854f9c125c?s=96&d=mm&r=g","caption":"admin"},"url":"https:\/\/nszzfipwkrakow.pl\/?author=1"}]}},"_links":{"self":[{"href":"https:\/\/nszzfipwkrakow.pl\/index.php?rest_route=\/wp\/v2\/posts\/2514","targetHints":{"allow":["GET"]}}],"collection":[{"href":"https:\/\/nszzfipwkrakow.pl\/index.php?rest_route=\/wp\/v2\/posts"}],"about":[{"href":"https:\/\/nszzfipwkrakow.pl\/index.php?rest_route=\/wp\/v2\/types\/post"}],"author":[{"embeddable":true,"href":"https:\/\/nszzfipwkrakow.pl\/index.php?rest_route=\/wp\/v2\/users\/1"}],"replies":[{"embeddable":true,"href":"https:\/\/nszzfipwkrakow.pl\/index.php?rest_route=%2Fwp%2Fv2%2Fcomments&post=2514"}],"version-history":[{"count":8,"href":"https:\/\/nszzfipwkrakow.pl\/index.php?rest_route=\/wp\/v2\/posts\/2514\/revisions"}],"predecessor-version":[{"id":2525,"href":"https:\/\/nszzfipwkrakow.pl\/index.php?rest_route=\/wp\/v2\/posts\/2514\/revisions\/2525"}],"wp:featuredmedia":[{"embeddable":true,"href":"https:\/\/nszzfipwkrakow.pl\/index.php?rest_route=\/wp\/v2\/media\/2515"}],"wp:attachment":[{"href":"https:\/\/nszzfipwkrakow.pl\/index.php?rest_route=%2Fwp%2Fv2%2Fmedia&parent=2514"}],"wp:term":[{"taxonomy":"category","embeddable":true,"href":"https:\/\/nszzfipwkrakow.pl\/index.php?rest_route=%2Fwp%2Fv2%2Fcategories&post=2514"},{"taxonomy":"post_tag","embeddable":true,"href":"https:\/\/nszzfipwkrakow.pl\/index.php?rest_route=%2Fwp%2Fv2%2Ftags&post=2514"}],"curies":[{"name":"wp","href":"https:\/\/api.w.org\/{rel}","templated":true}]}}