{"id":2545,"date":"2020-12-21T12:45:00","date_gmt":"2020-12-21T11:45:00","guid":{"rendered":"http:\/\/nszzfipwkrakow.pl\/?p=2545"},"modified":"2021-04-29T11:19:20","modified_gmt":"2021-04-29T09:19:20","slug":"swiateczna-paczka-w-okregu-krakowskim","status":"publish","type":"post","link":"https:\/\/nszzfipwkrakow.pl\/?p=2545","title":{"rendered":"\u015awi\u0105teczna Paczka w Okr\u0119gu Krakowskim"},"content":{"rendered":"\n<p><\/p>\n\n\n\n<p><img fetchpriority=\"high\" decoding=\"async\" width=\"800\" height=\"464\" class=\"wp-image-2546\" style=\"width: 800px;\" src=\"http:\/\/nszzfipwkrakow.pl\/wp-content\/uploads\/2020\/12\/1.jpg\" alt=\"\" srcset=\"https:\/\/nszzfipwkrakow.pl\/wp-content\/uploads\/2020\/12\/1.jpg 1422w, https:\/\/nszzfipwkrakow.pl\/wp-content\/uploads\/2020\/12\/1-300x174.jpg 300w, https:\/\/nszzfipwkrakow.pl\/wp-content\/uploads\/2020\/12\/1-1024x593.jpg 1024w, https:\/\/nszzfipwkrakow.pl\/wp-content\/uploads\/2020\/12\/1-768x445.jpg 768w\" sizes=\"(max-width: 800px) 100vw, 800px\" \/><\/p>\n\n\n\n<p>W dniu 18.12.2020 r. w Areszcie \u015aledczym w Kielcach odby\u0142o si\u0119 uroczyste przekazanie &#8220;\u015awi\u0105tecznej Paczki&#8221; kol. Piotrowi, wieloletniemu cz\u0142onkowi NSZZFiPW, kt\u00f3rego rodzina boryka si\u0119 z trudn\u0105 sytuacj\u0105 bytow\u0105.<\/p>\n\n\n\n<figure class=\"wp-block-image size-large\"><img decoding=\"async\" width=\"1024\" height=\"613\" src=\"http:\/\/nszzfipwkrakow.pl\/wp-content\/uploads\/2020\/12\/2-1024x613.jpg\" alt=\"\" class=\"wp-image-2547\" srcset=\"https:\/\/nszzfipwkrakow.pl\/wp-content\/uploads\/2020\/12\/2-1024x613.jpg 1024w, https:\/\/nszzfipwkrakow.pl\/wp-content\/uploads\/2020\/12\/2-300x180.jpg 300w, https:\/\/nszzfipwkrakow.pl\/wp-content\/uploads\/2020\/12\/2-768x460.jpg 768w, https:\/\/nszzfipwkrakow.pl\/wp-content\/uploads\/2020\/12\/2-240x145.jpg 240w, https:\/\/nszzfipwkrakow.pl\/wp-content\/uploads\/2020\/12\/2.jpg 1221w\" sizes=\"(max-width: 1024px) 100vw, 1024px\" \/><\/figure>\n\n\n\n<p>Prezenty wr\u0119czy\u0142 Przewodnicz\u0105cy Zarz\u0105du Okr\u0119gowego w Krakowie Jacek Mr\u00f3z, w obecno\u015bci Skarbnika Marcina Ramiana i Przewodnicz\u0105cego Zarz\u0105du Terenowego w Kielcach Stanis\u0142awa Brzezi\u0144skiego. Mi\u0142\u0105 niespodziank\u0119 sprawi\u0142 r\u00f3wnie\u017c Dyrektor A\u015a Kielce p\u0142k. dr Krzysztof Czekaj, w imieniu kt\u00f3rego suwenir przekaza\u0142 Z-ca D-ra pp\u0142k. Pawe\u0142 Wieczorek.<br>Kol. Piotr Szczepaniak wraz w tr\u00f3jk\u0105 (z siedmiu) swoich dzieci nie kryli wzruszenia, serdecznie dzi\u0119kuj\u0105c niezwyk\u0142\u0105 niespodziank\u0119 i pami\u0119\u0107 o jego bliskich.<\/p>\n\n\n\n<p>Jednocze\u015bnie Zarz\u0105d Okr\u0119gowy NSZZFiPW w Krakowie sk\u0142ada serdeczne podzi\u0119kowania dla Dyrektora Okr\u0119gowego p\u0142k. Wiercioch Tomasz za pozytywne rozpatrzenie pro\u015bby Przewodnicz\u0105cego Okr\u0119gowego NSZZFiPW odno\u015bnie kolegi z Zak\u0142adu Karnego w Krakowie Nowej Hucie.<\/p>\n","protected":false},"excerpt":{"rendered":"<p>W dniu 18.12.2020 r. w Areszcie \u015aledczym w Kielcach odby\u0142o si\u0119 uroczyste przekazanie &#8220;\u015awi\u0105tecznej Paczki&#8221; kol. Piotrowi, wieloletniemu cz\u0142onkowi NSZZFiPW, kt\u00f3rego rodzina boryka si\u0119 z trudn\u0105 sytuacj\u0105 bytow\u0105. Prezenty wr\u0119czy\u0142 Przewodnicz\u0105cy Zarz\u0105du Okr\u0119gowego w Krakowie Jacek Mr\u00f3z, w obecno\u015bci Skarbnika Marcina Ramiana i Przewodnicz\u0105cego Zarz\u0105du Terenowego w Kielcach Stanis\u0142awa Brzezi\u0144skiego. Mi\u0142\u0105 niespodziank\u0119 sprawi\u0142 r\u00f3wnie\u017c Dyrektor&#8230; <\/p>\n","protected":false},"author":1,"featured_media":2551,"comment_status":"closed","ping_status":"open","sticky":false,"template":"","format":"standard","meta":{"footnotes":""},"categories":[1],"tags":[],"class_list":["post-2545","post","type-post","status-publish","format-standard","has-post-thumbnail","hentry","category-bez-kategorii"],"yoast_head":"<!-- This site is optimized with the Yoast SEO plugin v23.6 - https:\/\/yoast.com\/wordpress\/plugins\/seo\/ -->\n<title>\u015awi\u0105teczna Paczka w Okr\u0119gu Krakowskim - NSZZFIPW KRAK\u00d3W<\/title>\n<meta name=\"robots\" content=\"index, follow, max-snippet:-1, max-image-preview:large, max-video-preview:-1\" \/>\n<link rel=\"canonical\" href=\"https:\/\/nszzfipwkrakow.pl\/?p=2545\" \/>\n<meta property=\"og:locale\" content=\"pl_PL\" \/>\n<meta property=\"og:type\" content=\"article\" \/>\n<meta property=\"og:title\" content=\"\u015awi\u0105teczna Paczka w Okr\u0119gu Krakowskim - NSZZFIPW KRAK\u00d3W\" \/>\n<meta property=\"og:description\" content=\"W dniu 18.12.2020 r. w Areszcie \u015aledczym w Kielcach odby\u0142o si\u0119 uroczyste przekazanie &#8220;\u015awi\u0105tecznej Paczki&#8221; kol. Piotrowi, wieloletniemu cz\u0142onkowi NSZZFiPW, kt\u00f3rego rodzina boryka si\u0119 z trudn\u0105 sytuacj\u0105 bytow\u0105. Prezenty wr\u0119czy\u0142 Przewodnicz\u0105cy Zarz\u0105du Okr\u0119gowego w Krakowie Jacek Mr\u00f3z, w obecno\u015bci Skarbnika Marcina Ramiana i Przewodnicz\u0105cego Zarz\u0105du Terenowego w Kielcach Stanis\u0142awa Brzezi\u0144skiego. Mi\u0142\u0105 niespodziank\u0119 sprawi\u0142 r\u00f3wnie\u017c Dyrektor...\" \/>\n<meta property=\"og:url\" content=\"https:\/\/nszzfipwkrakow.pl\/?p=2545\" \/>\n<meta property=\"og:site_name\" content=\"NSZZFIPW KRAK\u00d3W\" \/>\n<meta property=\"article:published_time\" content=\"2020-12-21T11:45:00+00:00\" \/>\n<meta property=\"article:modified_time\" content=\"2021-04-29T09:19:20+00:00\" \/>\n<meta property=\"og:image\" content=\"https:\/\/nszzfipwkrakow.pl\/wp-content\/uploads\/2020\/12\/logo30-swieta.jpg\" \/>\n\t<meta property=\"og:image:width\" content=\"154\" \/>\n\t<meta property=\"og:image:height\" content=\"149\" \/>\n\t<meta property=\"og:image:type\" content=\"image\/jpeg\" \/>\n<meta name=\"author\" content=\"admin\" \/>\n<meta name=\"twitter:card\" content=\"summary_large_image\" \/>\n<meta name=\"twitter:label1\" content=\"Napisane przez\" \/>\n\t<meta name=\"twitter:data1\" content=\"admin\" \/>\n\t<meta name=\"twitter:label2\" content=\"Szacowany czas czytania\" \/>\n\t<meta name=\"twitter:data2\" content=\"1 minuta\" \/>\n<script type=\"application\/ld+json\" class=\"yoast-schema-graph\">{\"@context\":\"https:\/\/schema.org\",\"@graph\":[{\"@type\":\"WebPage\",\"@id\":\"https:\/\/nszzfipwkrakow.pl\/?p=2545\",\"url\":\"https:\/\/nszzfipwkrakow.pl\/?p=2545\",\"name\":\"\u015awi\u0105teczna Paczka w Okr\u0119gu Krakowskim - NSZZFIPW KRAK\u00d3W\",\"isPartOf\":{\"@id\":\"https:\/\/nszzfipwkrakow.pl\/#website\"},\"primaryImageOfPage\":{\"@id\":\"https:\/\/nszzfipwkrakow.pl\/?p=2545#primaryimage\"},\"image\":{\"@id\":\"https:\/\/nszzfipwkrakow.pl\/?p=2545#primaryimage\"},\"thumbnailUrl\":\"https:\/\/nszzfipwkrakow.pl\/wp-content\/uploads\/2020\/12\/logo30-swieta.jpg\",\"datePublished\":\"2020-12-21T11:45:00+00:00\",\"dateModified\":\"2021-04-29T09:19:20+00:00\",\"author\":{\"@id\":\"https:\/\/nszzfipwkrakow.pl\/#\/schema\/person\/6ed4f5653fcef94e0679828bd6c401a3\"},\"breadcrumb\":{\"@id\":\"https:\/\/nszzfipwkrakow.pl\/?p=2545#breadcrumb\"},\"inLanguage\":\"pl-PL\",\"potentialAction\":[{\"@type\":\"ReadAction\",\"target\":[\"https:\/\/nszzfipwkrakow.pl\/?p=2545\"]}]},{\"@type\":\"ImageObject\",\"inLanguage\":\"pl-PL\",\"@id\":\"https:\/\/nszzfipwkrakow.pl\/?p=2545#primaryimage\",\"url\":\"https:\/\/nszzfipwkrakow.pl\/wp-content\/uploads\/2020\/12\/logo30-swieta.jpg\",\"contentUrl\":\"https:\/\/nszzfipwkrakow.pl\/wp-content\/uploads\/2020\/12\/logo30-swieta.jpg\",\"width\":154,\"height\":149},{\"@type\":\"BreadcrumbList\",\"@id\":\"https:\/\/nszzfipwkrakow.pl\/?p=2545#breadcrumb\",\"itemListElement\":[{\"@type\":\"ListItem\",\"position\":1,\"name\":\"Strona g\u0142\u00f3wna\",\"item\":\"https:\/\/nszzfipwkrakow.pl\/\"},{\"@type\":\"ListItem\",\"position\":2,\"name\":\"\u015awi\u0105teczna Paczka w Okr\u0119gu Krakowskim\"}]},{\"@type\":\"WebSite\",\"@id\":\"https:\/\/nszzfipwkrakow.pl\/#website\",\"url\":\"https:\/\/nszzfipwkrakow.pl\/\",\"name\":\"NSZZFIPW KRAK\u00d3W\",\"description\":\"ZARZ\u0104D OKR\u0118GOWY KRAK\u00d3W\",\"potentialAction\":[{\"@type\":\"SearchAction\",\"target\":{\"@type\":\"EntryPoint\",\"urlTemplate\":\"https:\/\/nszzfipwkrakow.pl\/?s={search_term_string}\"},\"query-input\":{\"@type\":\"PropertyValueSpecification\",\"valueRequired\":true,\"valueName\":\"search_term_string\"}}],\"inLanguage\":\"pl-PL\"},{\"@type\":\"Person\",\"@id\":\"https:\/\/nszzfipwkrakow.pl\/#\/schema\/person\/6ed4f5653fcef94e0679828bd6c401a3\",\"name\":\"admin\",\"image\":{\"@type\":\"ImageObject\",\"inLanguage\":\"pl-PL\",\"@id\":\"https:\/\/nszzfipwkrakow.pl\/#\/schema\/person\/image\/\",\"url\":\"https:\/\/secure.gravatar.com\/avatar\/a70b0ad75215a3dab992971e93f6fa17d27386e5f39894f93a7a74854f9c125c?s=96&d=mm&r=g\",\"contentUrl\":\"https:\/\/secure.gravatar.com\/avatar\/a70b0ad75215a3dab992971e93f6fa17d27386e5f39894f93a7a74854f9c125c?s=96&d=mm&r=g\",\"caption\":\"admin\"},\"url\":\"https:\/\/nszzfipwkrakow.pl\/?author=1\"}]}<\/script>\n<!-- \/ Yoast SEO plugin. -->","yoast_head_json":{"title":"\u015awi\u0105teczna Paczka w Okr\u0119gu Krakowskim - NSZZFIPW KRAK\u00d3W","robots":{"index":"index","follow":"follow","max-snippet":"max-snippet:-1","max-image-preview":"max-image-preview:large","max-video-preview":"max-video-preview:-1"},"canonical":"https:\/\/nszzfipwkrakow.pl\/?p=2545","og_locale":"pl_PL","og_type":"article","og_title":"\u015awi\u0105teczna Paczka w Okr\u0119gu Krakowskim - NSZZFIPW KRAK\u00d3W","og_description":"W dniu 18.12.2020 r. w Areszcie \u015aledczym w Kielcach odby\u0142o si\u0119 uroczyste przekazanie &#8220;\u015awi\u0105tecznej Paczki&#8221; kol. Piotrowi, wieloletniemu cz\u0142onkowi NSZZFiPW, kt\u00f3rego rodzina boryka si\u0119 z trudn\u0105 sytuacj\u0105 bytow\u0105. Prezenty wr\u0119czy\u0142 Przewodnicz\u0105cy Zarz\u0105du Okr\u0119gowego w Krakowie Jacek Mr\u00f3z, w obecno\u015bci Skarbnika Marcina Ramiana i Przewodnicz\u0105cego Zarz\u0105du Terenowego w Kielcach Stanis\u0142awa Brzezi\u0144skiego. Mi\u0142\u0105 niespodziank\u0119 sprawi\u0142 r\u00f3wnie\u017c Dyrektor...","og_url":"https:\/\/nszzfipwkrakow.pl\/?p=2545","og_site_name":"NSZZFIPW KRAK\u00d3W","article_published_time":"2020-12-21T11:45:00+00:00","article_modified_time":"2021-04-29T09:19:20+00:00","og_image":[{"width":154,"height":149,"url":"https:\/\/nszzfipwkrakow.pl\/wp-content\/uploads\/2020\/12\/logo30-swieta.jpg","type":"image\/jpeg"}],"author":"admin","twitter_card":"summary_large_image","twitter_misc":{"Napisane przez":"admin","Szacowany czas czytania":"1 minuta"},"schema":{"@context":"https:\/\/schema.org","@graph":[{"@type":"WebPage","@id":"https:\/\/nszzfipwkrakow.pl\/?p=2545","url":"https:\/\/nszzfipwkrakow.pl\/?p=2545","name":"\u015awi\u0105teczna Paczka w Okr\u0119gu Krakowskim - NSZZFIPW KRAK\u00d3W","isPartOf":{"@id":"https:\/\/nszzfipwkrakow.pl\/#website"},"primaryImageOfPage":{"@id":"https:\/\/nszzfipwkrakow.pl\/?p=2545#primaryimage"},"image":{"@id":"https:\/\/nszzfipwkrakow.pl\/?p=2545#primaryimage"},"thumbnailUrl":"https:\/\/nszzfipwkrakow.pl\/wp-content\/uploads\/2020\/12\/logo30-swieta.jpg","datePublished":"2020-12-21T11:45:00+00:00","dateModified":"2021-04-29T09:19:20+00:00","author":{"@id":"https:\/\/nszzfipwkrakow.pl\/#\/schema\/person\/6ed4f5653fcef94e0679828bd6c401a3"},"breadcrumb":{"@id":"https:\/\/nszzfipwkrakow.pl\/?p=2545#breadcrumb"},"inLanguage":"pl-PL","potentialAction":[{"@type":"ReadAction","target":["https:\/\/nszzfipwkrakow.pl\/?p=2545"]}]},{"@type":"ImageObject","inLanguage":"pl-PL","@id":"https:\/\/nszzfipwkrakow.pl\/?p=2545#primaryimage","url":"https:\/\/nszzfipwkrakow.pl\/wp-content\/uploads\/2020\/12\/logo30-swieta.jpg","contentUrl":"https:\/\/nszzfipwkrakow.pl\/wp-content\/uploads\/2020\/12\/logo30-swieta.jpg","width":154,"height":149},{"@type":"BreadcrumbList","@id":"https:\/\/nszzfipwkrakow.pl\/?p=2545#breadcrumb","itemListElement":[{"@type":"ListItem","position":1,"name":"Strona g\u0142\u00f3wna","item":"https:\/\/nszzfipwkrakow.pl\/"},{"@type":"ListItem","position":2,"name":"\u015awi\u0105teczna Paczka w Okr\u0119gu Krakowskim"}]},{"@type":"WebSite","@id":"https:\/\/nszzfipwkrakow.pl\/#website","url":"https:\/\/nszzfipwkrakow.pl\/","name":"NSZZFIPW KRAK\u00d3W","description":"ZARZ\u0104D OKR\u0118GOWY KRAK\u00d3W","potentialAction":[{"@type":"SearchAction","target":{"@type":"EntryPoint","urlTemplate":"https:\/\/nszzfipwkrakow.pl\/?s={search_term_string}"},"query-input":{"@type":"PropertyValueSpecification","valueRequired":true,"valueName":"search_term_string"}}],"inLanguage":"pl-PL"},{"@type":"Person","@id":"https:\/\/nszzfipwkrakow.pl\/#\/schema\/person\/6ed4f5653fcef94e0679828bd6c401a3","name":"admin","image":{"@type":"ImageObject","inLanguage":"pl-PL","@id":"https:\/\/nszzfipwkrakow.pl\/#\/schema\/person\/image\/","url":"https:\/\/secure.gravatar.com\/avatar\/a70b0ad75215a3dab992971e93f6fa17d27386e5f39894f93a7a74854f9c125c?s=96&d=mm&r=g","contentUrl":"https:\/\/secure.gravatar.com\/avatar\/a70b0ad75215a3dab992971e93f6fa17d27386e5f39894f93a7a74854f9c125c?s=96&d=mm&r=g","caption":"admin"},"url":"https:\/\/nszzfipwkrakow.pl\/?author=1"}]}},"_links":{"self":[{"href":"https:\/\/nszzfipwkrakow.pl\/index.php?rest_route=\/wp\/v2\/posts\/2545","targetHints":{"allow":["GET"]}}],"collection":[{"href":"https:\/\/nszzfipwkrakow.pl\/index.php?rest_route=\/wp\/v2\/posts"}],"about":[{"href":"https:\/\/nszzfipwkrakow.pl\/index.php?rest_route=\/wp\/v2\/types\/post"}],"author":[{"embeddable":true,"href":"https:\/\/nszzfipwkrakow.pl\/index.php?rest_route=\/wp\/v2\/users\/1"}],"replies":[{"embeddable":true,"href":"https:\/\/nszzfipwkrakow.pl\/index.php?rest_route=%2Fwp%2Fv2%2Fcomments&post=2545"}],"version-history":[{"count":3,"href":"https:\/\/nszzfipwkrakow.pl\/index.php?rest_route=\/wp\/v2\/posts\/2545\/revisions"}],"predecessor-version":[{"id":2550,"href":"https:\/\/nszzfipwkrakow.pl\/index.php?rest_route=\/wp\/v2\/posts\/2545\/revisions\/2550"}],"wp:featuredmedia":[{"embeddable":true,"href":"https:\/\/nszzfipwkrakow.pl\/index.php?rest_route=\/wp\/v2\/media\/2551"}],"wp:attachment":[{"href":"https:\/\/nszzfipwkrakow.pl\/index.php?rest_route=%2Fwp%2Fv2%2Fmedia&parent=2545"}],"wp:term":[{"taxonomy":"category","embeddable":true,"href":"https:\/\/nszzfipwkrakow.pl\/index.php?rest_route=%2Fwp%2Fv2%2Fcategories&post=2545"},{"taxonomy":"post_tag","embeddable":true,"href":"https:\/\/nszzfipwkrakow.pl\/index.php?rest_route=%2Fwp%2Fv2%2Ftags&post=2545"}],"curies":[{"name":"wp","href":"https:\/\/api.w.org\/{rel}","templated":true}]}}