{"id":2568,"date":"2021-04-20T08:56:00","date_gmt":"2021-04-20T06:56:00","guid":{"rendered":"http:\/\/nszzfipwkrakow.pl\/?p=2568"},"modified":"2021-04-29T11:19:19","modified_gmt":"2021-04-29T09:19:19","slug":"wspolpraca-nszz-funkcjonariuszy-i-pracownikow-wieziennictwa-z-aresztem-sledczym-w-krakowie-zaowocowala-kolejnym-wsparciem-tym-razem-kondycji-fizycznej-i-bezpieczenstwa-pracy","status":"publish","type":"post","link":"https:\/\/nszzfipwkrakow.pl\/?p=2568","title":{"rendered":"Wsp\u00f3\u0142praca NSZZ Funkcjonariuszy i Pracownik\u00f3w Wi\u0119ziennictwa z Aresztem \u015aledczym w Krakowie zaowocowa\u0142a kolejnym wsparciem &#8211;  tym razem kondycji fizycznej i bezpiecze\u0144stwa pracy"},"content":{"rendered":"\n<p class=\"has-medium-font-size\"><strong>Zarz\u0105d zak\u0142adowej organizacji zwi\u0105zkowej w&nbsp;porozumieniu z&nbsp;kierownictwem tut. jednostki dokona\u0142 zakupu:<\/strong><\/p>\n\n\n\n<ul class=\"has-medium-font-size wp-block-list\"><li>luster inspekcyjnych, kt\u00f3re poprawi\u0105 warunki&nbsp; higieny pracy i&nbsp;bezpiecze\u0144stwa&nbsp;funkcjonariuszy&nbsp;pe\u0142ni\u0105cych s\u0142u\u017cb\u0119 w&nbsp;oddzia\u0142ach&nbsp;i&nbsp;rejonie bramy&nbsp;g\u0142\u00f3wnej.<\/li><li>doposa\u017cenie w sprz\u0119t sportowy nowo&nbsp;powstaj\u0105cej si\u0142owni, kt\u00f3ry b\u0119dzie s\u0142u\u017cy\u0142 wszystkim funkcjonariuszom i pracownikom cywilnym pragn\u0105cym poprawi\u0107 swoje warunki fizyczne oraz&nbsp;umiej\u0119tno\u015bci z&nbsp;technik interwencyjnych.<\/li><\/ul>\n\n\n\n<figure class=\"wp-block-image size-large\"><img fetchpriority=\"high\" decoding=\"async\" width=\"722\" height=\"1024\" src=\"http:\/\/nszzfipwkrakow.pl\/wp-content\/uploads\/2021\/04\/monte2-722x1024.jpg\" alt=\"\" class=\"wp-image-2570\" srcset=\"https:\/\/nszzfipwkrakow.pl\/wp-content\/uploads\/2021\/04\/monte2-722x1024.jpg 722w, https:\/\/nszzfipwkrakow.pl\/wp-content\/uploads\/2021\/04\/monte2-212x300.jpg 212w, https:\/\/nszzfipwkrakow.pl\/wp-content\/uploads\/2021\/04\/monte2-768x1089.jpg 768w, https:\/\/nszzfipwkrakow.pl\/wp-content\/uploads\/2021\/04\/monte2-1083x1536.jpg 1083w, https:\/\/nszzfipwkrakow.pl\/wp-content\/uploads\/2021\/04\/monte2.jpg 1386w\" sizes=\"(max-width: 722px) 100vw, 722px\" \/><\/figure>\n\n\n\n<figure class=\"wp-block-image size-large\"><img decoding=\"async\" width=\"1022\" height=\"1024\" src=\"http:\/\/nszzfipwkrakow.pl\/wp-content\/uploads\/2021\/04\/monte1-1022x1024.jpg\" alt=\"\" class=\"wp-image-2569\" srcset=\"https:\/\/nszzfipwkrakow.pl\/wp-content\/uploads\/2021\/04\/monte1-1022x1024.jpg 1022w, https:\/\/nszzfipwkrakow.pl\/wp-content\/uploads\/2021\/04\/monte1-300x300.jpg 300w, https:\/\/nszzfipwkrakow.pl\/wp-content\/uploads\/2021\/04\/monte1-150x150.jpg 150w, https:\/\/nszzfipwkrakow.pl\/wp-content\/uploads\/2021\/04\/monte1-768x769.jpg 768w, https:\/\/nszzfipwkrakow.pl\/wp-content\/uploads\/2021\/04\/monte1.jpg 1194w\" sizes=\"(max-width: 1022px) 100vw, 1022px\" \/><\/figure>\n\n\n\n<p><a href=\"https:\/\/www.facebook.com\/as.w.krakowie\/posts\/280624580304736\">https:\/\/www.facebook.com\/as.w.krakowie\/posts\/280624580304736<\/a><\/p>\n\n\n\n<p><a href=\"https:\/\/www.sw.gov.pl\/aktualnosc\/areszt-sledczy-w-krakowie-owocna-wspolpraca-z-nszz-funkcjonariuszy-i-pracownikow-wieziennictwa\">https:\/\/www.sw.gov.pl\/aktualnosc\/areszt-sledczy-w-krakowie-owocna-wspolpraca-z-nszz-funkcjonariuszy-i-pracownikow-wieziennictwa<\/a><\/p>\n","protected":false},"excerpt":{"rendered":"<p>Zarz\u0105d zak\u0142adowej organizacji zwi\u0105zkowej w&nbsp;porozumieniu z&nbsp;kierownictwem tut. jednostki dokona\u0142 zakupu: luster inspekcyjnych, kt\u00f3re poprawi\u0105 warunki&nbsp; higieny pracy i&nbsp;bezpiecze\u0144stwa&nbsp;funkcjonariuszy&nbsp;pe\u0142ni\u0105cych s\u0142u\u017cb\u0119 w&nbsp;oddzia\u0142ach&nbsp;i&nbsp;rejonie bramy&nbsp;g\u0142\u00f3wnej. doposa\u017cenie w sprz\u0119t sportowy nowo&nbsp;powstaj\u0105cej si\u0142owni, kt\u00f3ry b\u0119dzie s\u0142u\u017cy\u0142 wszystkim funkcjonariuszom i pracownikom cywilnym pragn\u0105cym poprawi\u0107 swoje warunki fizyczne oraz&nbsp;umiej\u0119tno\u015bci z&nbsp;technik interwencyjnych. https:\/\/www.facebook.com\/as.w.krakowie\/posts\/280624580304736 https:\/\/www.sw.gov.pl\/aktualnosc\/areszt-sledczy-w-krakowie-owocna-wspolpraca-z-nszz-funkcjonariuszy-i-pracownikow-wieziennictwa<\/p>\n","protected":false},"author":1,"featured_media":2570,"comment_status":"closed","ping_status":"open","sticky":false,"template":"","format":"standard","meta":{"footnotes":""},"categories":[1,12],"tags":[],"class_list":["post-2568","post","type-post","status-publish","format-standard","has-post-thumbnail","hentry","category-bez-kategorii","category-as-krakow"],"yoast_head":"<!-- This site is optimized with the Yoast SEO plugin v23.6 - https:\/\/yoast.com\/wordpress\/plugins\/seo\/ -->\n<title>Wsp\u00f3\u0142praca NSZZ Funkcjonariuszy i Pracownik\u00f3w Wi\u0119ziennictwa z Aresztem \u015aledczym w Krakowie zaowocowa\u0142a kolejnym wsparciem - tym razem kondycji fizycznej i bezpiecze\u0144stwa pracy - NSZZFIPW KRAK\u00d3W<\/title>\n<meta name=\"robots\" content=\"index, follow, max-snippet:-1, max-image-preview:large, max-video-preview:-1\" \/>\n<link rel=\"canonical\" href=\"https:\/\/nszzfipwkrakow.pl\/?p=2568\" \/>\n<meta property=\"og:locale\" content=\"pl_PL\" \/>\n<meta property=\"og:type\" content=\"article\" \/>\n<meta property=\"og:title\" content=\"Wsp\u00f3\u0142praca NSZZ Funkcjonariuszy i Pracownik\u00f3w Wi\u0119ziennictwa z Aresztem \u015aledczym w Krakowie zaowocowa\u0142a kolejnym wsparciem - tym razem kondycji fizycznej i bezpiecze\u0144stwa pracy - NSZZFIPW KRAK\u00d3W\" \/>\n<meta property=\"og:description\" content=\"Zarz\u0105d zak\u0142adowej organizacji zwi\u0105zkowej w&nbsp;porozumieniu z&nbsp;kierownictwem tut. jednostki dokona\u0142 zakupu: luster inspekcyjnych, kt\u00f3re poprawi\u0105 warunki&nbsp; higieny pracy i&nbsp;bezpiecze\u0144stwa&nbsp;funkcjonariuszy&nbsp;pe\u0142ni\u0105cych s\u0142u\u017cb\u0119 w&nbsp;oddzia\u0142ach&nbsp;i&nbsp;rejonie bramy&nbsp;g\u0142\u00f3wnej. doposa\u017cenie w sprz\u0119t sportowy nowo&nbsp;powstaj\u0105cej si\u0142owni, kt\u00f3ry b\u0119dzie s\u0142u\u017cy\u0142 wszystkim funkcjonariuszom i pracownikom cywilnym pragn\u0105cym poprawi\u0107 swoje warunki fizyczne oraz&nbsp;umiej\u0119tno\u015bci z&nbsp;technik interwencyjnych. https:\/\/www.facebook.com\/as.w.krakowie\/posts\/280624580304736 https:\/\/www.sw.gov.pl\/aktualnosc\/areszt-sledczy-w-krakowie-owocna-wspolpraca-z-nszz-funkcjonariuszy-i-pracownikow-wieziennictwa\" \/>\n<meta property=\"og:url\" content=\"https:\/\/nszzfipwkrakow.pl\/?p=2568\" \/>\n<meta property=\"og:site_name\" content=\"NSZZFIPW KRAK\u00d3W\" \/>\n<meta property=\"article:published_time\" content=\"2021-04-20T06:56:00+00:00\" \/>\n<meta property=\"article:modified_time\" content=\"2021-04-29T09:19:19+00:00\" \/>\n<meta property=\"og:image\" content=\"https:\/\/nszzfipwkrakow.pl\/wp-content\/uploads\/2021\/04\/monte2.jpg\" \/>\n\t<meta property=\"og:image:width\" content=\"1386\" \/>\n\t<meta property=\"og:image:height\" content=\"1965\" \/>\n\t<meta property=\"og:image:type\" content=\"image\/jpeg\" \/>\n<meta name=\"author\" content=\"admin\" \/>\n<meta name=\"twitter:card\" content=\"summary_large_image\" \/>\n<meta name=\"twitter:label1\" content=\"Napisane przez\" \/>\n\t<meta name=\"twitter:data1\" content=\"admin\" \/>\n\t<meta name=\"twitter:label2\" content=\"Szacowany czas czytania\" \/>\n\t<meta name=\"twitter:data2\" content=\"1 minuta\" \/>\n<script type=\"application\/ld+json\" class=\"yoast-schema-graph\">{\"@context\":\"https:\/\/schema.org\",\"@graph\":[{\"@type\":\"WebPage\",\"@id\":\"https:\/\/nszzfipwkrakow.pl\/?p=2568\",\"url\":\"https:\/\/nszzfipwkrakow.pl\/?p=2568\",\"name\":\"Wsp\u00f3\u0142praca NSZZ Funkcjonariuszy i Pracownik\u00f3w Wi\u0119ziennictwa z Aresztem \u015aledczym w Krakowie zaowocowa\u0142a kolejnym wsparciem - tym razem kondycji fizycznej i bezpiecze\u0144stwa pracy - NSZZFIPW KRAK\u00d3W\",\"isPartOf\":{\"@id\":\"https:\/\/nszzfipwkrakow.pl\/#website\"},\"primaryImageOfPage\":{\"@id\":\"https:\/\/nszzfipwkrakow.pl\/?p=2568#primaryimage\"},\"image\":{\"@id\":\"https:\/\/nszzfipwkrakow.pl\/?p=2568#primaryimage\"},\"thumbnailUrl\":\"https:\/\/nszzfipwkrakow.pl\/wp-content\/uploads\/2021\/04\/monte2.jpg\",\"datePublished\":\"2021-04-20T06:56:00+00:00\",\"dateModified\":\"2021-04-29T09:19:19+00:00\",\"author\":{\"@id\":\"https:\/\/nszzfipwkrakow.pl\/#\/schema\/person\/6ed4f5653fcef94e0679828bd6c401a3\"},\"breadcrumb\":{\"@id\":\"https:\/\/nszzfipwkrakow.pl\/?p=2568#breadcrumb\"},\"inLanguage\":\"pl-PL\",\"potentialAction\":[{\"@type\":\"ReadAction\",\"target\":[\"https:\/\/nszzfipwkrakow.pl\/?p=2568\"]}]},{\"@type\":\"ImageObject\",\"inLanguage\":\"pl-PL\",\"@id\":\"https:\/\/nszzfipwkrakow.pl\/?p=2568#primaryimage\",\"url\":\"https:\/\/nszzfipwkrakow.pl\/wp-content\/uploads\/2021\/04\/monte2.jpg\",\"contentUrl\":\"https:\/\/nszzfipwkrakow.pl\/wp-content\/uploads\/2021\/04\/monte2.jpg\",\"width\":1386,\"height\":1965},{\"@type\":\"BreadcrumbList\",\"@id\":\"https:\/\/nszzfipwkrakow.pl\/?p=2568#breadcrumb\",\"itemListElement\":[{\"@type\":\"ListItem\",\"position\":1,\"name\":\"Strona g\u0142\u00f3wna\",\"item\":\"https:\/\/nszzfipwkrakow.pl\/\"},{\"@type\":\"ListItem\",\"position\":2,\"name\":\"Wsp\u00f3\u0142praca NSZZ Funkcjonariuszy i Pracownik\u00f3w Wi\u0119ziennictwa z Aresztem \u015aledczym w Krakowie zaowocowa\u0142a kolejnym wsparciem &#8211; tym razem kondycji fizycznej i bezpiecze\u0144stwa pracy\"}]},{\"@type\":\"WebSite\",\"@id\":\"https:\/\/nszzfipwkrakow.pl\/#website\",\"url\":\"https:\/\/nszzfipwkrakow.pl\/\",\"name\":\"NSZZFIPW KRAK\u00d3W\",\"description\":\"ZARZ\u0104D OKR\u0118GOWY KRAK\u00d3W\",\"potentialAction\":[{\"@type\":\"SearchAction\",\"target\":{\"@type\":\"EntryPoint\",\"urlTemplate\":\"https:\/\/nszzfipwkrakow.pl\/?s={search_term_string}\"},\"query-input\":{\"@type\":\"PropertyValueSpecification\",\"valueRequired\":true,\"valueName\":\"search_term_string\"}}],\"inLanguage\":\"pl-PL\"},{\"@type\":\"Person\",\"@id\":\"https:\/\/nszzfipwkrakow.pl\/#\/schema\/person\/6ed4f5653fcef94e0679828bd6c401a3\",\"name\":\"admin\",\"image\":{\"@type\":\"ImageObject\",\"inLanguage\":\"pl-PL\",\"@id\":\"https:\/\/nszzfipwkrakow.pl\/#\/schema\/person\/image\/\",\"url\":\"https:\/\/secure.gravatar.com\/avatar\/a70b0ad75215a3dab992971e93f6fa17d27386e5f39894f93a7a74854f9c125c?s=96&d=mm&r=g\",\"contentUrl\":\"https:\/\/secure.gravatar.com\/avatar\/a70b0ad75215a3dab992971e93f6fa17d27386e5f39894f93a7a74854f9c125c?s=96&d=mm&r=g\",\"caption\":\"admin\"},\"url\":\"https:\/\/nszzfipwkrakow.pl\/?author=1\"}]}<\/script>\n<!-- \/ Yoast SEO plugin. -->","yoast_head_json":{"title":"Wsp\u00f3\u0142praca NSZZ Funkcjonariuszy i Pracownik\u00f3w Wi\u0119ziennictwa z Aresztem \u015aledczym w Krakowie zaowocowa\u0142a kolejnym wsparciem - tym razem kondycji fizycznej i bezpiecze\u0144stwa pracy - NSZZFIPW KRAK\u00d3W","robots":{"index":"index","follow":"follow","max-snippet":"max-snippet:-1","max-image-preview":"max-image-preview:large","max-video-preview":"max-video-preview:-1"},"canonical":"https:\/\/nszzfipwkrakow.pl\/?p=2568","og_locale":"pl_PL","og_type":"article","og_title":"Wsp\u00f3\u0142praca NSZZ Funkcjonariuszy i Pracownik\u00f3w Wi\u0119ziennictwa z Aresztem \u015aledczym w Krakowie zaowocowa\u0142a kolejnym wsparciem - tym razem kondycji fizycznej i bezpiecze\u0144stwa pracy - NSZZFIPW KRAK\u00d3W","og_description":"Zarz\u0105d zak\u0142adowej organizacji zwi\u0105zkowej w&nbsp;porozumieniu z&nbsp;kierownictwem tut. jednostki dokona\u0142 zakupu: luster inspekcyjnych, kt\u00f3re poprawi\u0105 warunki&nbsp; higieny pracy i&nbsp;bezpiecze\u0144stwa&nbsp;funkcjonariuszy&nbsp;pe\u0142ni\u0105cych s\u0142u\u017cb\u0119 w&nbsp;oddzia\u0142ach&nbsp;i&nbsp;rejonie bramy&nbsp;g\u0142\u00f3wnej. doposa\u017cenie w sprz\u0119t sportowy nowo&nbsp;powstaj\u0105cej si\u0142owni, kt\u00f3ry b\u0119dzie s\u0142u\u017cy\u0142 wszystkim funkcjonariuszom i pracownikom cywilnym pragn\u0105cym poprawi\u0107 swoje warunki fizyczne oraz&nbsp;umiej\u0119tno\u015bci z&nbsp;technik interwencyjnych. https:\/\/www.facebook.com\/as.w.krakowie\/posts\/280624580304736 https:\/\/www.sw.gov.pl\/aktualnosc\/areszt-sledczy-w-krakowie-owocna-wspolpraca-z-nszz-funkcjonariuszy-i-pracownikow-wieziennictwa","og_url":"https:\/\/nszzfipwkrakow.pl\/?p=2568","og_site_name":"NSZZFIPW KRAK\u00d3W","article_published_time":"2021-04-20T06:56:00+00:00","article_modified_time":"2021-04-29T09:19:19+00:00","og_image":[{"width":1386,"height":1965,"url":"https:\/\/nszzfipwkrakow.pl\/wp-content\/uploads\/2021\/04\/monte2.jpg","type":"image\/jpeg"}],"author":"admin","twitter_card":"summary_large_image","twitter_misc":{"Napisane przez":"admin","Szacowany czas czytania":"1 minuta"},"schema":{"@context":"https:\/\/schema.org","@graph":[{"@type":"WebPage","@id":"https:\/\/nszzfipwkrakow.pl\/?p=2568","url":"https:\/\/nszzfipwkrakow.pl\/?p=2568","name":"Wsp\u00f3\u0142praca NSZZ Funkcjonariuszy i Pracownik\u00f3w Wi\u0119ziennictwa z Aresztem \u015aledczym w Krakowie zaowocowa\u0142a kolejnym wsparciem - tym razem kondycji fizycznej i bezpiecze\u0144stwa pracy - NSZZFIPW KRAK\u00d3W","isPartOf":{"@id":"https:\/\/nszzfipwkrakow.pl\/#website"},"primaryImageOfPage":{"@id":"https:\/\/nszzfipwkrakow.pl\/?p=2568#primaryimage"},"image":{"@id":"https:\/\/nszzfipwkrakow.pl\/?p=2568#primaryimage"},"thumbnailUrl":"https:\/\/nszzfipwkrakow.pl\/wp-content\/uploads\/2021\/04\/monte2.jpg","datePublished":"2021-04-20T06:56:00+00:00","dateModified":"2021-04-29T09:19:19+00:00","author":{"@id":"https:\/\/nszzfipwkrakow.pl\/#\/schema\/person\/6ed4f5653fcef94e0679828bd6c401a3"},"breadcrumb":{"@id":"https:\/\/nszzfipwkrakow.pl\/?p=2568#breadcrumb"},"inLanguage":"pl-PL","potentialAction":[{"@type":"ReadAction","target":["https:\/\/nszzfipwkrakow.pl\/?p=2568"]}]},{"@type":"ImageObject","inLanguage":"pl-PL","@id":"https:\/\/nszzfipwkrakow.pl\/?p=2568#primaryimage","url":"https:\/\/nszzfipwkrakow.pl\/wp-content\/uploads\/2021\/04\/monte2.jpg","contentUrl":"https:\/\/nszzfipwkrakow.pl\/wp-content\/uploads\/2021\/04\/monte2.jpg","width":1386,"height":1965},{"@type":"BreadcrumbList","@id":"https:\/\/nszzfipwkrakow.pl\/?p=2568#breadcrumb","itemListElement":[{"@type":"ListItem","position":1,"name":"Strona g\u0142\u00f3wna","item":"https:\/\/nszzfipwkrakow.pl\/"},{"@type":"ListItem","position":2,"name":"Wsp\u00f3\u0142praca NSZZ Funkcjonariuszy i Pracownik\u00f3w Wi\u0119ziennictwa z Aresztem \u015aledczym w Krakowie zaowocowa\u0142a kolejnym wsparciem &#8211; tym razem kondycji fizycznej i bezpiecze\u0144stwa pracy"}]},{"@type":"WebSite","@id":"https:\/\/nszzfipwkrakow.pl\/#website","url":"https:\/\/nszzfipwkrakow.pl\/","name":"NSZZFIPW KRAK\u00d3W","description":"ZARZ\u0104D OKR\u0118GOWY KRAK\u00d3W","potentialAction":[{"@type":"SearchAction","target":{"@type":"EntryPoint","urlTemplate":"https:\/\/nszzfipwkrakow.pl\/?s={search_term_string}"},"query-input":{"@type":"PropertyValueSpecification","valueRequired":true,"valueName":"search_term_string"}}],"inLanguage":"pl-PL"},{"@type":"Person","@id":"https:\/\/nszzfipwkrakow.pl\/#\/schema\/person\/6ed4f5653fcef94e0679828bd6c401a3","name":"admin","image":{"@type":"ImageObject","inLanguage":"pl-PL","@id":"https:\/\/nszzfipwkrakow.pl\/#\/schema\/person\/image\/","url":"https:\/\/secure.gravatar.com\/avatar\/a70b0ad75215a3dab992971e93f6fa17d27386e5f39894f93a7a74854f9c125c?s=96&d=mm&r=g","contentUrl":"https:\/\/secure.gravatar.com\/avatar\/a70b0ad75215a3dab992971e93f6fa17d27386e5f39894f93a7a74854f9c125c?s=96&d=mm&r=g","caption":"admin"},"url":"https:\/\/nszzfipwkrakow.pl\/?author=1"}]}},"_links":{"self":[{"href":"https:\/\/nszzfipwkrakow.pl\/index.php?rest_route=\/wp\/v2\/posts\/2568","targetHints":{"allow":["GET"]}}],"collection":[{"href":"https:\/\/nszzfipwkrakow.pl\/index.php?rest_route=\/wp\/v2\/posts"}],"about":[{"href":"https:\/\/nszzfipwkrakow.pl\/index.php?rest_route=\/wp\/v2\/types\/post"}],"author":[{"embeddable":true,"href":"https:\/\/nszzfipwkrakow.pl\/index.php?rest_route=\/wp\/v2\/users\/1"}],"replies":[{"embeddable":true,"href":"https:\/\/nszzfipwkrakow.pl\/index.php?rest_route=%2Fwp%2Fv2%2Fcomments&post=2568"}],"version-history":[{"count":6,"href":"https:\/\/nszzfipwkrakow.pl\/index.php?rest_route=\/wp\/v2\/posts\/2568\/revisions"}],"predecessor-version":[{"id":2580,"href":"https:\/\/nszzfipwkrakow.pl\/index.php?rest_route=\/wp\/v2\/posts\/2568\/revisions\/2580"}],"wp:featuredmedia":[{"embeddable":true,"href":"https:\/\/nszzfipwkrakow.pl\/index.php?rest_route=\/wp\/v2\/media\/2570"}],"wp:attachment":[{"href":"https:\/\/nszzfipwkrakow.pl\/index.php?rest_route=%2Fwp%2Fv2%2Fmedia&parent=2568"}],"wp:term":[{"taxonomy":"category","embeddable":true,"href":"https:\/\/nszzfipwkrakow.pl\/index.php?rest_route=%2Fwp%2Fv2%2Fcategories&post=2568"},{"taxonomy":"post_tag","embeddable":true,"href":"https:\/\/nszzfipwkrakow.pl\/index.php?rest_route=%2Fwp%2Fv2%2Ftags&post=2568"}],"curies":[{"name":"wp","href":"https:\/\/api.w.org\/{rel}","templated":true}]}}