{"id":2739,"date":"2021-12-29T06:42:00","date_gmt":"2021-12-29T05:42:00","guid":{"rendered":"http:\/\/nszzfipwkrakow.pl\/?p=2739"},"modified":"2021-12-30T06:43:25","modified_gmt":"2021-12-30T05:43:25","slug":"akcja-swiateczna-paczka","status":"publish","type":"post","link":"https:\/\/nszzfipwkrakow.pl\/?p=2739","title":{"rendered":"Akcja \u201c\u015awi\u0105teczna Paczka\u201d"},"content":{"rendered":"\n<p>\u201e\u015awi\u0105teczna Paczka\u201d ufundowana przez Zarz\u0105d G\u0142\u00f3wny NSZZ Funkcjonariuszy i Pracownik\u00f3w w Warszawie, Fundusz Pomocy Dora\u017anej oraz Zarz\u0105d Okr\u0119gowy NSZZFiPW w Krakowie, w tym roku trafi\u0142a do naszej kole\u017canki z ZK Tarn\u00f3w, cz\u0142onka naszej organizacji od wielu lat. \u201e\u015awi\u0105teczn\u0105 Paczk\u0119\u201d przekaza\u0142 Przewodnicz\u0105cy Zarz\u0105du Okr\u0119gowego NSZZFiPW w Krakowie Jacek Mr\u00f3z wraz z Grzegorzem Brze\u017ca\u0144skim Przewodnicz\u0105cym Zarz\u0105du Terenowego w ZK Tarn\u00f3w. Pomaganie jest pi\u0119kne.<\/p>\n\n\n\n<div class=\"wp-block-group\"><div class=\"wp-block-group__inner-container is-layout-flow wp-block-group-is-layout-flow\">\n<div class=\"wp-block-columns is-layout-flex wp-container-core-columns-is-layout-9d6595d7 wp-block-columns-is-layout-flex\">\n<div class=\"wp-block-column is-layout-flow wp-block-column-is-layout-flow\" style=\"flex-basis:100%\">\n<figure class=\"wp-block-gallery columns-1 is-cropped wp-block-gallery-1 is-layout-flex wp-block-gallery-is-layout-flex\"><ul class=\"blocks-gallery-grid\"><li class=\"blocks-gallery-item\"><figure><img fetchpriority=\"high\" decoding=\"async\" width=\"960\" height=\"720\" src=\"http:\/\/nszzfipwkrakow.pl\/wp-content\/uploads\/2021\/12\/269800202_974785399817087_4977504346302569754_n.jpg\" alt=\"\" data-id=\"2741\" data-full-url=\"http:\/\/nszzfipwkrakow.pl\/wp-content\/uploads\/2021\/12\/269800202_974785399817087_4977504346302569754_n.jpg\" data-link=\"http:\/\/nszzfipwkrakow.pl\/?attachment_id=2741#main\" class=\"wp-image-2741\" srcset=\"https:\/\/nszzfipwkrakow.pl\/wp-content\/uploads\/2021\/12\/269800202_974785399817087_4977504346302569754_n.jpg 960w, https:\/\/nszzfipwkrakow.pl\/wp-content\/uploads\/2021\/12\/269800202_974785399817087_4977504346302569754_n-300x225.jpg 300w, https:\/\/nszzfipwkrakow.pl\/wp-content\/uploads\/2021\/12\/269800202_974785399817087_4977504346302569754_n-768x576.jpg 768w\" sizes=\"(max-width: 960px) 100vw, 960px\" \/><\/figure><\/li><li class=\"blocks-gallery-item\"><figure><img decoding=\"async\" width=\"960\" height=\"720\" src=\"http:\/\/nszzfipwkrakow.pl\/wp-content\/uploads\/2021\/12\/269955505_924765878172799_6520268625118658340_n.jpg\" alt=\"\" data-id=\"2740\" data-full-url=\"http:\/\/nszzfipwkrakow.pl\/wp-content\/uploads\/2021\/12\/269955505_924765878172799_6520268625118658340_n.jpg\" data-link=\"http:\/\/nszzfipwkrakow.pl\/?attachment_id=2740#main\" class=\"wp-image-2740\" srcset=\"https:\/\/nszzfipwkrakow.pl\/wp-content\/uploads\/2021\/12\/269955505_924765878172799_6520268625118658340_n.jpg 960w, https:\/\/nszzfipwkrakow.pl\/wp-content\/uploads\/2021\/12\/269955505_924765878172799_6520268625118658340_n-300x225.jpg 300w, https:\/\/nszzfipwkrakow.pl\/wp-content\/uploads\/2021\/12\/269955505_924765878172799_6520268625118658340_n-768x576.jpg 768w\" sizes=\"(max-width: 960px) 100vw, 960px\" \/><\/figure><\/li><li class=\"blocks-gallery-item\"><figure><img decoding=\"async\" width=\"960\" height=\"720\" src=\"http:\/\/nszzfipwkrakow.pl\/wp-content\/uploads\/2021\/12\/269705654_1084157775753316_7331483863964164361_n.jpg\" alt=\"\" data-id=\"2742\" data-full-url=\"http:\/\/nszzfipwkrakow.pl\/wp-content\/uploads\/2021\/12\/269705654_1084157775753316_7331483863964164361_n.jpg\" data-link=\"http:\/\/nszzfipwkrakow.pl\/?attachment_id=2742#main\" class=\"wp-image-2742\" srcset=\"https:\/\/nszzfipwkrakow.pl\/wp-content\/uploads\/2021\/12\/269705654_1084157775753316_7331483863964164361_n.jpg 960w, https:\/\/nszzfipwkrakow.pl\/wp-content\/uploads\/2021\/12\/269705654_1084157775753316_7331483863964164361_n-300x225.jpg 300w, https:\/\/nszzfipwkrakow.pl\/wp-content\/uploads\/2021\/12\/269705654_1084157775753316_7331483863964164361_n-768x576.jpg 768w\" sizes=\"(max-width: 960px) 100vw, 960px\" \/><\/figure><\/li><\/ul><\/figure>\n<\/div>\n<\/div>\n<\/div><\/div>\n","protected":false},"excerpt":{"rendered":"<p>\u201e\u015awi\u0105teczna Paczka\u201d ufundowana przez Zarz\u0105d G\u0142\u00f3wny NSZZ Funkcjonariuszy i Pracownik\u00f3w w Warszawie, Fundusz Pomocy Dora\u017anej oraz Zarz\u0105d Okr\u0119gowy NSZZFiPW w Krakowie, w tym roku trafi\u0142a do naszej kole\u017canki z ZK Tarn\u00f3w, cz\u0142onka naszej organizacji od wielu lat. \u201e\u015awi\u0105teczn\u0105 Paczk\u0119\u201d przekaza\u0142 Przewodnicz\u0105cy Zarz\u0105du Okr\u0119gowego NSZZFiPW w Krakowie Jacek Mr\u00f3z wraz z Grzegorzem Brze\u017ca\u0144skim Przewodnicz\u0105cym Zarz\u0105du Terenowego&#8230; <\/p>\n","protected":false},"author":1,"featured_media":2741,"comment_status":"closed","ping_status":"closed","sticky":false,"template":"","format":"standard","meta":{"footnotes":""},"categories":[1,18],"tags":[],"class_list":["post-2739","post","type-post","status-publish","format-standard","has-post-thumbnail","hentry","category-bez-kategorii","category-zk-tarnow"],"yoast_head":"<!-- This site is optimized with the Yoast SEO plugin v23.6 - https:\/\/yoast.com\/wordpress\/plugins\/seo\/ -->\n<title>Akcja \u201c\u015awi\u0105teczna Paczka\u201d - NSZZFIPW KRAK\u00d3W<\/title>\n<meta name=\"robots\" content=\"index, follow, max-snippet:-1, max-image-preview:large, max-video-preview:-1\" \/>\n<link rel=\"canonical\" href=\"https:\/\/nszzfipwkrakow.pl\/?p=2739\" \/>\n<meta property=\"og:locale\" content=\"pl_PL\" \/>\n<meta property=\"og:type\" content=\"article\" \/>\n<meta property=\"og:title\" content=\"Akcja \u201c\u015awi\u0105teczna Paczka\u201d - NSZZFIPW KRAK\u00d3W\" \/>\n<meta property=\"og:description\" content=\"\u201e\u015awi\u0105teczna Paczka\u201d ufundowana przez Zarz\u0105d G\u0142\u00f3wny NSZZ Funkcjonariuszy i Pracownik\u00f3w w Warszawie, Fundusz Pomocy Dora\u017anej oraz Zarz\u0105d Okr\u0119gowy NSZZFiPW w Krakowie, w tym roku trafi\u0142a do naszej kole\u017canki z ZK Tarn\u00f3w, cz\u0142onka naszej organizacji od wielu lat. \u201e\u015awi\u0105teczn\u0105 Paczk\u0119\u201d przekaza\u0142 Przewodnicz\u0105cy Zarz\u0105du Okr\u0119gowego NSZZFiPW w Krakowie Jacek Mr\u00f3z wraz z Grzegorzem Brze\u017ca\u0144skim Przewodnicz\u0105cym Zarz\u0105du Terenowego...\" \/>\n<meta property=\"og:url\" content=\"https:\/\/nszzfipwkrakow.pl\/?p=2739\" \/>\n<meta property=\"og:site_name\" content=\"NSZZFIPW KRAK\u00d3W\" \/>\n<meta property=\"article:published_time\" content=\"2021-12-29T05:42:00+00:00\" \/>\n<meta property=\"article:modified_time\" content=\"2021-12-30T05:43:25+00:00\" \/>\n<meta property=\"og:image\" content=\"https:\/\/nszzfipwkrakow.pl\/wp-content\/uploads\/2021\/12\/269800202_974785399817087_4977504346302569754_n.jpg\" \/>\n\t<meta property=\"og:image:width\" content=\"960\" \/>\n\t<meta property=\"og:image:height\" content=\"720\" \/>\n\t<meta property=\"og:image:type\" content=\"image\/jpeg\" \/>\n<meta name=\"author\" content=\"admin\" \/>\n<meta name=\"twitter:card\" content=\"summary_large_image\" \/>\n<meta name=\"twitter:label1\" content=\"Napisane przez\" \/>\n\t<meta name=\"twitter:data1\" content=\"admin\" \/>\n\t<meta name=\"twitter:label2\" content=\"Szacowany czas czytania\" \/>\n\t<meta name=\"twitter:data2\" content=\"1 minuta\" \/>\n<script type=\"application\/ld+json\" class=\"yoast-schema-graph\">{\"@context\":\"https:\/\/schema.org\",\"@graph\":[{\"@type\":\"WebPage\",\"@id\":\"https:\/\/nszzfipwkrakow.pl\/?p=2739\",\"url\":\"https:\/\/nszzfipwkrakow.pl\/?p=2739\",\"name\":\"Akcja \u201c\u015awi\u0105teczna Paczka\u201d - NSZZFIPW KRAK\u00d3W\",\"isPartOf\":{\"@id\":\"https:\/\/nszzfipwkrakow.pl\/#website\"},\"primaryImageOfPage\":{\"@id\":\"https:\/\/nszzfipwkrakow.pl\/?p=2739#primaryimage\"},\"image\":{\"@id\":\"https:\/\/nszzfipwkrakow.pl\/?p=2739#primaryimage\"},\"thumbnailUrl\":\"https:\/\/nszzfipwkrakow.pl\/wp-content\/uploads\/2021\/12\/269800202_974785399817087_4977504346302569754_n.jpg\",\"datePublished\":\"2021-12-29T05:42:00+00:00\",\"dateModified\":\"2021-12-30T05:43:25+00:00\",\"author\":{\"@id\":\"https:\/\/nszzfipwkrakow.pl\/#\/schema\/person\/6ed4f5653fcef94e0679828bd6c401a3\"},\"breadcrumb\":{\"@id\":\"https:\/\/nszzfipwkrakow.pl\/?p=2739#breadcrumb\"},\"inLanguage\":\"pl-PL\",\"potentialAction\":[{\"@type\":\"ReadAction\",\"target\":[\"https:\/\/nszzfipwkrakow.pl\/?p=2739\"]}]},{\"@type\":\"ImageObject\",\"inLanguage\":\"pl-PL\",\"@id\":\"https:\/\/nszzfipwkrakow.pl\/?p=2739#primaryimage\",\"url\":\"https:\/\/nszzfipwkrakow.pl\/wp-content\/uploads\/2021\/12\/269800202_974785399817087_4977504346302569754_n.jpg\",\"contentUrl\":\"https:\/\/nszzfipwkrakow.pl\/wp-content\/uploads\/2021\/12\/269800202_974785399817087_4977504346302569754_n.jpg\",\"width\":960,\"height\":720},{\"@type\":\"BreadcrumbList\",\"@id\":\"https:\/\/nszzfipwkrakow.pl\/?p=2739#breadcrumb\",\"itemListElement\":[{\"@type\":\"ListItem\",\"position\":1,\"name\":\"Strona g\u0142\u00f3wna\",\"item\":\"https:\/\/nszzfipwkrakow.pl\/\"},{\"@type\":\"ListItem\",\"position\":2,\"name\":\"Akcja \u201c\u015awi\u0105teczna Paczka\u201d\"}]},{\"@type\":\"WebSite\",\"@id\":\"https:\/\/nszzfipwkrakow.pl\/#website\",\"url\":\"https:\/\/nszzfipwkrakow.pl\/\",\"name\":\"NSZZFIPW KRAK\u00d3W\",\"description\":\"ZARZ\u0104D OKR\u0118GOWY KRAK\u00d3W\",\"potentialAction\":[{\"@type\":\"SearchAction\",\"target\":{\"@type\":\"EntryPoint\",\"urlTemplate\":\"https:\/\/nszzfipwkrakow.pl\/?s={search_term_string}\"},\"query-input\":{\"@type\":\"PropertyValueSpecification\",\"valueRequired\":true,\"valueName\":\"search_term_string\"}}],\"inLanguage\":\"pl-PL\"},{\"@type\":\"Person\",\"@id\":\"https:\/\/nszzfipwkrakow.pl\/#\/schema\/person\/6ed4f5653fcef94e0679828bd6c401a3\",\"name\":\"admin\",\"image\":{\"@type\":\"ImageObject\",\"inLanguage\":\"pl-PL\",\"@id\":\"https:\/\/nszzfipwkrakow.pl\/#\/schema\/person\/image\/\",\"url\":\"https:\/\/secure.gravatar.com\/avatar\/a70b0ad75215a3dab992971e93f6fa17d27386e5f39894f93a7a74854f9c125c?s=96&d=mm&r=g\",\"contentUrl\":\"https:\/\/secure.gravatar.com\/avatar\/a70b0ad75215a3dab992971e93f6fa17d27386e5f39894f93a7a74854f9c125c?s=96&d=mm&r=g\",\"caption\":\"admin\"},\"url\":\"https:\/\/nszzfipwkrakow.pl\/?author=1\"}]}<\/script>\n<!-- \/ Yoast SEO plugin. -->","yoast_head_json":{"title":"Akcja \u201c\u015awi\u0105teczna Paczka\u201d - NSZZFIPW KRAK\u00d3W","robots":{"index":"index","follow":"follow","max-snippet":"max-snippet:-1","max-image-preview":"max-image-preview:large","max-video-preview":"max-video-preview:-1"},"canonical":"https:\/\/nszzfipwkrakow.pl\/?p=2739","og_locale":"pl_PL","og_type":"article","og_title":"Akcja \u201c\u015awi\u0105teczna Paczka\u201d - NSZZFIPW KRAK\u00d3W","og_description":"\u201e\u015awi\u0105teczna Paczka\u201d ufundowana przez Zarz\u0105d G\u0142\u00f3wny NSZZ Funkcjonariuszy i Pracownik\u00f3w w Warszawie, Fundusz Pomocy Dora\u017anej oraz Zarz\u0105d Okr\u0119gowy NSZZFiPW w Krakowie, w tym roku trafi\u0142a do naszej kole\u017canki z ZK Tarn\u00f3w, cz\u0142onka naszej organizacji od wielu lat. \u201e\u015awi\u0105teczn\u0105 Paczk\u0119\u201d przekaza\u0142 Przewodnicz\u0105cy Zarz\u0105du Okr\u0119gowego NSZZFiPW w Krakowie Jacek Mr\u00f3z wraz z Grzegorzem Brze\u017ca\u0144skim Przewodnicz\u0105cym Zarz\u0105du Terenowego...","og_url":"https:\/\/nszzfipwkrakow.pl\/?p=2739","og_site_name":"NSZZFIPW KRAK\u00d3W","article_published_time":"2021-12-29T05:42:00+00:00","article_modified_time":"2021-12-30T05:43:25+00:00","og_image":[{"width":960,"height":720,"url":"https:\/\/nszzfipwkrakow.pl\/wp-content\/uploads\/2021\/12\/269800202_974785399817087_4977504346302569754_n.jpg","type":"image\/jpeg"}],"author":"admin","twitter_card":"summary_large_image","twitter_misc":{"Napisane przez":"admin","Szacowany czas czytania":"1 minuta"},"schema":{"@context":"https:\/\/schema.org","@graph":[{"@type":"WebPage","@id":"https:\/\/nszzfipwkrakow.pl\/?p=2739","url":"https:\/\/nszzfipwkrakow.pl\/?p=2739","name":"Akcja \u201c\u015awi\u0105teczna Paczka\u201d - NSZZFIPW KRAK\u00d3W","isPartOf":{"@id":"https:\/\/nszzfipwkrakow.pl\/#website"},"primaryImageOfPage":{"@id":"https:\/\/nszzfipwkrakow.pl\/?p=2739#primaryimage"},"image":{"@id":"https:\/\/nszzfipwkrakow.pl\/?p=2739#primaryimage"},"thumbnailUrl":"https:\/\/nszzfipwkrakow.pl\/wp-content\/uploads\/2021\/12\/269800202_974785399817087_4977504346302569754_n.jpg","datePublished":"2021-12-29T05:42:00+00:00","dateModified":"2021-12-30T05:43:25+00:00","author":{"@id":"https:\/\/nszzfipwkrakow.pl\/#\/schema\/person\/6ed4f5653fcef94e0679828bd6c401a3"},"breadcrumb":{"@id":"https:\/\/nszzfipwkrakow.pl\/?p=2739#breadcrumb"},"inLanguage":"pl-PL","potentialAction":[{"@type":"ReadAction","target":["https:\/\/nszzfipwkrakow.pl\/?p=2739"]}]},{"@type":"ImageObject","inLanguage":"pl-PL","@id":"https:\/\/nszzfipwkrakow.pl\/?p=2739#primaryimage","url":"https:\/\/nszzfipwkrakow.pl\/wp-content\/uploads\/2021\/12\/269800202_974785399817087_4977504346302569754_n.jpg","contentUrl":"https:\/\/nszzfipwkrakow.pl\/wp-content\/uploads\/2021\/12\/269800202_974785399817087_4977504346302569754_n.jpg","width":960,"height":720},{"@type":"BreadcrumbList","@id":"https:\/\/nszzfipwkrakow.pl\/?p=2739#breadcrumb","itemListElement":[{"@type":"ListItem","position":1,"name":"Strona g\u0142\u00f3wna","item":"https:\/\/nszzfipwkrakow.pl\/"},{"@type":"ListItem","position":2,"name":"Akcja \u201c\u015awi\u0105teczna Paczka\u201d"}]},{"@type":"WebSite","@id":"https:\/\/nszzfipwkrakow.pl\/#website","url":"https:\/\/nszzfipwkrakow.pl\/","name":"NSZZFIPW KRAK\u00d3W","description":"ZARZ\u0104D OKR\u0118GOWY KRAK\u00d3W","potentialAction":[{"@type":"SearchAction","target":{"@type":"EntryPoint","urlTemplate":"https:\/\/nszzfipwkrakow.pl\/?s={search_term_string}"},"query-input":{"@type":"PropertyValueSpecification","valueRequired":true,"valueName":"search_term_string"}}],"inLanguage":"pl-PL"},{"@type":"Person","@id":"https:\/\/nszzfipwkrakow.pl\/#\/schema\/person\/6ed4f5653fcef94e0679828bd6c401a3","name":"admin","image":{"@type":"ImageObject","inLanguage":"pl-PL","@id":"https:\/\/nszzfipwkrakow.pl\/#\/schema\/person\/image\/","url":"https:\/\/secure.gravatar.com\/avatar\/a70b0ad75215a3dab992971e93f6fa17d27386e5f39894f93a7a74854f9c125c?s=96&d=mm&r=g","contentUrl":"https:\/\/secure.gravatar.com\/avatar\/a70b0ad75215a3dab992971e93f6fa17d27386e5f39894f93a7a74854f9c125c?s=96&d=mm&r=g","caption":"admin"},"url":"https:\/\/nszzfipwkrakow.pl\/?author=1"}]}},"_links":{"self":[{"href":"https:\/\/nszzfipwkrakow.pl\/index.php?rest_route=\/wp\/v2\/posts\/2739","targetHints":{"allow":["GET"]}}],"collection":[{"href":"https:\/\/nszzfipwkrakow.pl\/index.php?rest_route=\/wp\/v2\/posts"}],"about":[{"href":"https:\/\/nszzfipwkrakow.pl\/index.php?rest_route=\/wp\/v2\/types\/post"}],"author":[{"embeddable":true,"href":"https:\/\/nszzfipwkrakow.pl\/index.php?rest_route=\/wp\/v2\/users\/1"}],"replies":[{"embeddable":true,"href":"https:\/\/nszzfipwkrakow.pl\/index.php?rest_route=%2Fwp%2Fv2%2Fcomments&post=2739"}],"version-history":[{"count":1,"href":"https:\/\/nszzfipwkrakow.pl\/index.php?rest_route=\/wp\/v2\/posts\/2739\/revisions"}],"predecessor-version":[{"id":2744,"href":"https:\/\/nszzfipwkrakow.pl\/index.php?rest_route=\/wp\/v2\/posts\/2739\/revisions\/2744"}],"wp:featuredmedia":[{"embeddable":true,"href":"https:\/\/nszzfipwkrakow.pl\/index.php?rest_route=\/wp\/v2\/media\/2741"}],"wp:attachment":[{"href":"https:\/\/nszzfipwkrakow.pl\/index.php?rest_route=%2Fwp%2Fv2%2Fmedia&parent=2739"}],"wp:term":[{"taxonomy":"category","embeddable":true,"href":"https:\/\/nszzfipwkrakow.pl\/index.php?rest_route=%2Fwp%2Fv2%2Fcategories&post=2739"},{"taxonomy":"post_tag","embeddable":true,"href":"https:\/\/nszzfipwkrakow.pl\/index.php?rest_route=%2Fwp%2Fv2%2Ftags&post=2739"}],"curies":[{"name":"wp","href":"https:\/\/api.w.org\/{rel}","templated":true}]}}