{"id":2786,"date":"2022-04-21T14:18:44","date_gmt":"2022-04-21T12:18:44","guid":{"rendered":"https:\/\/nszzfipwkrakow.pl\/?p=2786"},"modified":"2022-04-21T14:37:25","modified_gmt":"2022-04-21T12:37:25","slug":"posiedzenie-podzespolu-ds-sluzb-mundurowych-rds","status":"publish","type":"post","link":"https:\/\/nszzfipwkrakow.pl\/?p=2786","title":{"rendered":"Posiedzenie Podzespo\u0142u ds. s\u0142u\u017cb mundurowych RDS"},"content":{"rendered":"\n<p>Na&nbsp;dzie\u0144 21 kwietnia 2022 roku w&nbsp;Centrum Partnerstwa Spo\u0142ecznego \u201eDialog\u201d przy&nbsp;ulicy Limanowskiego 23 w&nbsp;Warszawie,&nbsp; Przewodnicz\u0105cy Podzespo\u0142u problemowego ds. s\u0142u\u017cb mundurowych Rady Dialogu Spo\u0142ecznego, Rafa\u0142 Jankowski zwo\u0142a\u0142 posiedzenie, kt\u00f3rego tematem b\u0119dzie szeroko rozumiany \u201cPolski \u0141ad\u201d.<\/p>\n\n\n\n<p>W&nbsp;temacie g\u0142os zabra\u0142 ju\u017c Przewodnicz\u0105cy ZZ&nbsp;Celnicy PL S\u0142awomir Siwy:<\/p>\n\n\n\n<p>\u201cOd stycznia 2022 roku Rz\u0105d wprowadzi\u0142 zakaz odpisywania w&nbsp;PIT sk\u0142adki zdrowotnej dla&nbsp;wszystkich obywateli. To&nbsp;jest&nbsp;sk\u0142adka, kt\u00f3ra jest p\u0142acona w&nbsp;wysoko\u015bci 9%, a&nbsp;podstaw\u0105 jej wyliczenia jest przych\u00f3d. St\u0105d funkcjonariusze p\u0142ac\u0105 j\u0105 po&nbsp;prostu wy\u017csz\u0105, ni\u017c og\u00f3\u0142 pracuj\u0105cych i&nbsp;czynnych zawodowo obywateli, poniewa\u017c&nbsp;od ich uposa\u017ce\u0144 brutto nie s\u0105 odprowadzane sk\u0142adki ZUS. Maj\u0105 wy\u017csz\u0105 podstaw\u0119 obliczenia sk\u0142adki zdrowotnej, kt\u00f3rej nie mo\u017cna odpisa\u0107 w&nbsp;PIT tak jak wcze\u015bniej (\u2026)\u201d<\/p>\n\n\n\n<p><\/p>\n\n\n\n<p>godz. 11:00, Centrum Partnerstwa Spo\u0142ecznego &#8220;Dialog&#8221;, ul. Limanowskiego 23 w Warszawie<\/p>\n\n\n\n<p>Proponowany porz\u0105dek obrad:<\/p>\n\n\n\n<ol class=\"wp-block-list\"><li>Sytuacja w S\u0142u\u017cbie Wi\u0119ziennej<\/li><li>Nowelizacja Polskiego \u0141adu &#8211; wp\u0142yw na wynagrodzenia w s\u0142u\u017cbach mundurowych<\/li><\/ol>\n\n\n\n<p>\u017ar\u00f3d\u0142o: <a href=\"https:\/\/www.gov.pl\/web\/dialog\/posiedzenie-podzespolu-ds-sluzb-mundurowych-rds\">https:\/\/www.gov.pl\/web\/dialog\/posiedzenie-podzespolu-ds-sluzb-mundurowych-rds<\/a><\/p>\n","protected":false},"excerpt":{"rendered":"<p>Na&nbsp;dzie\u0144 21 kwietnia 2022 roku w&nbsp;Centrum Partnerstwa Spo\u0142ecznego \u201eDialog\u201d przy&nbsp;ulicy Limanowskiego 23 w&nbsp;Warszawie,&nbsp; Przewodnicz\u0105cy Podzespo\u0142u problemowego ds. s\u0142u\u017cb mundurowych Rady Dialogu Spo\u0142ecznego, Rafa\u0142 Jankowski zwo\u0142a\u0142 posiedzenie, kt\u00f3rego tematem b\u0119dzie szeroko rozumiany \u201cPolski \u0141ad\u201d. W&nbsp;temacie g\u0142os zabra\u0142 ju\u017c Przewodnicz\u0105cy ZZ&nbsp;Celnicy PL S\u0142awomir Siwy: \u201cOd stycznia 2022 roku Rz\u0105d wprowadzi\u0142 zakaz odpisywania w&nbsp;PIT sk\u0142adki zdrowotnej dla&nbsp;wszystkich obywateli&#8230;. <\/p>\n","protected":false},"author":1,"featured_media":2787,"comment_status":"closed","ping_status":"closed","sticky":false,"template":"","format":"standard","meta":{"footnotes":""},"categories":[1],"tags":[],"class_list":["post-2786","post","type-post","status-publish","format-standard","has-post-thumbnail","hentry","category-bez-kategorii"],"yoast_head":"<!-- This site is optimized with the Yoast SEO plugin v23.6 - https:\/\/yoast.com\/wordpress\/plugins\/seo\/ -->\n<title>Posiedzenie Podzespo\u0142u ds. s\u0142u\u017cb mundurowych RDS - NSZZFIPW KRAK\u00d3W<\/title>\n<meta name=\"robots\" content=\"index, follow, max-snippet:-1, max-image-preview:large, max-video-preview:-1\" \/>\n<link rel=\"canonical\" href=\"https:\/\/nszzfipwkrakow.pl\/?p=2786\" \/>\n<meta property=\"og:locale\" content=\"pl_PL\" \/>\n<meta property=\"og:type\" content=\"article\" \/>\n<meta property=\"og:title\" content=\"Posiedzenie Podzespo\u0142u ds. s\u0142u\u017cb mundurowych RDS - NSZZFIPW KRAK\u00d3W\" \/>\n<meta property=\"og:description\" content=\"Na&nbsp;dzie\u0144 21 kwietnia 2022 roku w&nbsp;Centrum Partnerstwa Spo\u0142ecznego \u201eDialog\u201d przy&nbsp;ulicy Limanowskiego 23 w&nbsp;Warszawie,&nbsp; Przewodnicz\u0105cy Podzespo\u0142u problemowego ds. s\u0142u\u017cb mundurowych Rady Dialogu Spo\u0142ecznego, Rafa\u0142 Jankowski zwo\u0142a\u0142 posiedzenie, kt\u00f3rego tematem b\u0119dzie szeroko rozumiany \u201cPolski \u0141ad\u201d. W&nbsp;temacie g\u0142os zabra\u0142 ju\u017c Przewodnicz\u0105cy ZZ&nbsp;Celnicy PL S\u0142awomir Siwy: \u201cOd stycznia 2022 roku Rz\u0105d wprowadzi\u0142 zakaz odpisywania w&nbsp;PIT sk\u0142adki zdrowotnej dla&nbsp;wszystkich obywateli....\" \/>\n<meta property=\"og:url\" content=\"https:\/\/nszzfipwkrakow.pl\/?p=2786\" \/>\n<meta property=\"og:site_name\" content=\"NSZZFIPW KRAK\u00d3W\" \/>\n<meta property=\"article:published_time\" content=\"2022-04-21T12:18:44+00:00\" \/>\n<meta property=\"article:modified_time\" content=\"2022-04-21T12:37:25+00:00\" \/>\n<meta property=\"og:image\" content=\"http:\/\/nszzfipwkrakow.pl\/wp-content\/uploads\/2022\/04\/1460x616.png\" \/>\n\t<meta property=\"og:image:width\" content=\"438\" \/>\n\t<meta property=\"og:image:height\" content=\"185\" \/>\n\t<meta property=\"og:image:type\" content=\"image\/png\" \/>\n<meta name=\"author\" content=\"admin\" \/>\n<meta name=\"twitter:card\" content=\"summary_large_image\" \/>\n<meta name=\"twitter:label1\" content=\"Napisane przez\" \/>\n\t<meta name=\"twitter:data1\" content=\"admin\" \/>\n\t<meta name=\"twitter:label2\" content=\"Szacowany czas czytania\" \/>\n\t<meta name=\"twitter:data2\" content=\"1 minuta\" \/>\n<script type=\"application\/ld+json\" class=\"yoast-schema-graph\">{\"@context\":\"https:\/\/schema.org\",\"@graph\":[{\"@type\":\"WebPage\",\"@id\":\"https:\/\/nszzfipwkrakow.pl\/?p=2786\",\"url\":\"https:\/\/nszzfipwkrakow.pl\/?p=2786\",\"name\":\"Posiedzenie Podzespo\u0142u ds. s\u0142u\u017cb mundurowych RDS - NSZZFIPW KRAK\u00d3W\",\"isPartOf\":{\"@id\":\"https:\/\/nszzfipwkrakow.pl\/#website\"},\"primaryImageOfPage\":{\"@id\":\"https:\/\/nszzfipwkrakow.pl\/?p=2786#primaryimage\"},\"image\":{\"@id\":\"https:\/\/nszzfipwkrakow.pl\/?p=2786#primaryimage\"},\"thumbnailUrl\":\"https:\/\/nszzfipwkrakow.pl\/wp-content\/uploads\/2022\/04\/1460x616.png\",\"datePublished\":\"2022-04-21T12:18:44+00:00\",\"dateModified\":\"2022-04-21T12:37:25+00:00\",\"author\":{\"@id\":\"https:\/\/nszzfipwkrakow.pl\/#\/schema\/person\/6ed4f5653fcef94e0679828bd6c401a3\"},\"breadcrumb\":{\"@id\":\"https:\/\/nszzfipwkrakow.pl\/?p=2786#breadcrumb\"},\"inLanguage\":\"pl-PL\",\"potentialAction\":[{\"@type\":\"ReadAction\",\"target\":[\"https:\/\/nszzfipwkrakow.pl\/?p=2786\"]}]},{\"@type\":\"ImageObject\",\"inLanguage\":\"pl-PL\",\"@id\":\"https:\/\/nszzfipwkrakow.pl\/?p=2786#primaryimage\",\"url\":\"https:\/\/nszzfipwkrakow.pl\/wp-content\/uploads\/2022\/04\/1460x616.png\",\"contentUrl\":\"https:\/\/nszzfipwkrakow.pl\/wp-content\/uploads\/2022\/04\/1460x616.png\",\"width\":438,\"height\":185},{\"@type\":\"BreadcrumbList\",\"@id\":\"https:\/\/nszzfipwkrakow.pl\/?p=2786#breadcrumb\",\"itemListElement\":[{\"@type\":\"ListItem\",\"position\":1,\"name\":\"Strona g\u0142\u00f3wna\",\"item\":\"https:\/\/nszzfipwkrakow.pl\/\"},{\"@type\":\"ListItem\",\"position\":2,\"name\":\"Posiedzenie Podzespo\u0142u ds. s\u0142u\u017cb mundurowych RDS\"}]},{\"@type\":\"WebSite\",\"@id\":\"https:\/\/nszzfipwkrakow.pl\/#website\",\"url\":\"https:\/\/nszzfipwkrakow.pl\/\",\"name\":\"NSZZFIPW KRAK\u00d3W\",\"description\":\"ZARZ\u0104D OKR\u0118GOWY KRAK\u00d3W\",\"potentialAction\":[{\"@type\":\"SearchAction\",\"target\":{\"@type\":\"EntryPoint\",\"urlTemplate\":\"https:\/\/nszzfipwkrakow.pl\/?s={search_term_string}\"},\"query-input\":{\"@type\":\"PropertyValueSpecification\",\"valueRequired\":true,\"valueName\":\"search_term_string\"}}],\"inLanguage\":\"pl-PL\"},{\"@type\":\"Person\",\"@id\":\"https:\/\/nszzfipwkrakow.pl\/#\/schema\/person\/6ed4f5653fcef94e0679828bd6c401a3\",\"name\":\"admin\",\"image\":{\"@type\":\"ImageObject\",\"inLanguage\":\"pl-PL\",\"@id\":\"https:\/\/nszzfipwkrakow.pl\/#\/schema\/person\/image\/\",\"url\":\"https:\/\/secure.gravatar.com\/avatar\/a70b0ad75215a3dab992971e93f6fa17d27386e5f39894f93a7a74854f9c125c?s=96&d=mm&r=g\",\"contentUrl\":\"https:\/\/secure.gravatar.com\/avatar\/a70b0ad75215a3dab992971e93f6fa17d27386e5f39894f93a7a74854f9c125c?s=96&d=mm&r=g\",\"caption\":\"admin\"},\"url\":\"https:\/\/nszzfipwkrakow.pl\/?author=1\"}]}<\/script>\n<!-- \/ Yoast SEO plugin. -->","yoast_head_json":{"title":"Posiedzenie Podzespo\u0142u ds. s\u0142u\u017cb mundurowych RDS - NSZZFIPW KRAK\u00d3W","robots":{"index":"index","follow":"follow","max-snippet":"max-snippet:-1","max-image-preview":"max-image-preview:large","max-video-preview":"max-video-preview:-1"},"canonical":"https:\/\/nszzfipwkrakow.pl\/?p=2786","og_locale":"pl_PL","og_type":"article","og_title":"Posiedzenie Podzespo\u0142u ds. s\u0142u\u017cb mundurowych RDS - NSZZFIPW KRAK\u00d3W","og_description":"Na&nbsp;dzie\u0144 21 kwietnia 2022 roku w&nbsp;Centrum Partnerstwa Spo\u0142ecznego \u201eDialog\u201d przy&nbsp;ulicy Limanowskiego 23 w&nbsp;Warszawie,&nbsp; Przewodnicz\u0105cy Podzespo\u0142u problemowego ds. s\u0142u\u017cb mundurowych Rady Dialogu Spo\u0142ecznego, Rafa\u0142 Jankowski zwo\u0142a\u0142 posiedzenie, kt\u00f3rego tematem b\u0119dzie szeroko rozumiany \u201cPolski \u0141ad\u201d. W&nbsp;temacie g\u0142os zabra\u0142 ju\u017c Przewodnicz\u0105cy ZZ&nbsp;Celnicy PL S\u0142awomir Siwy: \u201cOd stycznia 2022 roku Rz\u0105d wprowadzi\u0142 zakaz odpisywania w&nbsp;PIT sk\u0142adki zdrowotnej dla&nbsp;wszystkich obywateli....","og_url":"https:\/\/nszzfipwkrakow.pl\/?p=2786","og_site_name":"NSZZFIPW KRAK\u00d3W","article_published_time":"2022-04-21T12:18:44+00:00","article_modified_time":"2022-04-21T12:37:25+00:00","og_image":[{"width":438,"height":185,"url":"http:\/\/nszzfipwkrakow.pl\/wp-content\/uploads\/2022\/04\/1460x616.png","type":"image\/png"}],"author":"admin","twitter_card":"summary_large_image","twitter_misc":{"Napisane przez":"admin","Szacowany czas czytania":"1 minuta"},"schema":{"@context":"https:\/\/schema.org","@graph":[{"@type":"WebPage","@id":"https:\/\/nszzfipwkrakow.pl\/?p=2786","url":"https:\/\/nszzfipwkrakow.pl\/?p=2786","name":"Posiedzenie Podzespo\u0142u ds. s\u0142u\u017cb mundurowych RDS - NSZZFIPW KRAK\u00d3W","isPartOf":{"@id":"https:\/\/nszzfipwkrakow.pl\/#website"},"primaryImageOfPage":{"@id":"https:\/\/nszzfipwkrakow.pl\/?p=2786#primaryimage"},"image":{"@id":"https:\/\/nszzfipwkrakow.pl\/?p=2786#primaryimage"},"thumbnailUrl":"https:\/\/nszzfipwkrakow.pl\/wp-content\/uploads\/2022\/04\/1460x616.png","datePublished":"2022-04-21T12:18:44+00:00","dateModified":"2022-04-21T12:37:25+00:00","author":{"@id":"https:\/\/nszzfipwkrakow.pl\/#\/schema\/person\/6ed4f5653fcef94e0679828bd6c401a3"},"breadcrumb":{"@id":"https:\/\/nszzfipwkrakow.pl\/?p=2786#breadcrumb"},"inLanguage":"pl-PL","potentialAction":[{"@type":"ReadAction","target":["https:\/\/nszzfipwkrakow.pl\/?p=2786"]}]},{"@type":"ImageObject","inLanguage":"pl-PL","@id":"https:\/\/nszzfipwkrakow.pl\/?p=2786#primaryimage","url":"https:\/\/nszzfipwkrakow.pl\/wp-content\/uploads\/2022\/04\/1460x616.png","contentUrl":"https:\/\/nszzfipwkrakow.pl\/wp-content\/uploads\/2022\/04\/1460x616.png","width":438,"height":185},{"@type":"BreadcrumbList","@id":"https:\/\/nszzfipwkrakow.pl\/?p=2786#breadcrumb","itemListElement":[{"@type":"ListItem","position":1,"name":"Strona g\u0142\u00f3wna","item":"https:\/\/nszzfipwkrakow.pl\/"},{"@type":"ListItem","position":2,"name":"Posiedzenie Podzespo\u0142u ds. s\u0142u\u017cb mundurowych RDS"}]},{"@type":"WebSite","@id":"https:\/\/nszzfipwkrakow.pl\/#website","url":"https:\/\/nszzfipwkrakow.pl\/","name":"NSZZFIPW KRAK\u00d3W","description":"ZARZ\u0104D OKR\u0118GOWY KRAK\u00d3W","potentialAction":[{"@type":"SearchAction","target":{"@type":"EntryPoint","urlTemplate":"https:\/\/nszzfipwkrakow.pl\/?s={search_term_string}"},"query-input":{"@type":"PropertyValueSpecification","valueRequired":true,"valueName":"search_term_string"}}],"inLanguage":"pl-PL"},{"@type":"Person","@id":"https:\/\/nszzfipwkrakow.pl\/#\/schema\/person\/6ed4f5653fcef94e0679828bd6c401a3","name":"admin","image":{"@type":"ImageObject","inLanguage":"pl-PL","@id":"https:\/\/nszzfipwkrakow.pl\/#\/schema\/person\/image\/","url":"https:\/\/secure.gravatar.com\/avatar\/a70b0ad75215a3dab992971e93f6fa17d27386e5f39894f93a7a74854f9c125c?s=96&d=mm&r=g","contentUrl":"https:\/\/secure.gravatar.com\/avatar\/a70b0ad75215a3dab992971e93f6fa17d27386e5f39894f93a7a74854f9c125c?s=96&d=mm&r=g","caption":"admin"},"url":"https:\/\/nszzfipwkrakow.pl\/?author=1"}]}},"_links":{"self":[{"href":"https:\/\/nszzfipwkrakow.pl\/index.php?rest_route=\/wp\/v2\/posts\/2786","targetHints":{"allow":["GET"]}}],"collection":[{"href":"https:\/\/nszzfipwkrakow.pl\/index.php?rest_route=\/wp\/v2\/posts"}],"about":[{"href":"https:\/\/nszzfipwkrakow.pl\/index.php?rest_route=\/wp\/v2\/types\/post"}],"author":[{"embeddable":true,"href":"https:\/\/nszzfipwkrakow.pl\/index.php?rest_route=\/wp\/v2\/users\/1"}],"replies":[{"embeddable":true,"href":"https:\/\/nszzfipwkrakow.pl\/index.php?rest_route=%2Fwp%2Fv2%2Fcomments&post=2786"}],"version-history":[{"count":3,"href":"https:\/\/nszzfipwkrakow.pl\/index.php?rest_route=\/wp\/v2\/posts\/2786\/revisions"}],"predecessor-version":[{"id":2790,"href":"https:\/\/nszzfipwkrakow.pl\/index.php?rest_route=\/wp\/v2\/posts\/2786\/revisions\/2790"}],"wp:featuredmedia":[{"embeddable":true,"href":"https:\/\/nszzfipwkrakow.pl\/index.php?rest_route=\/wp\/v2\/media\/2787"}],"wp:attachment":[{"href":"https:\/\/nszzfipwkrakow.pl\/index.php?rest_route=%2Fwp%2Fv2%2Fmedia&parent=2786"}],"wp:term":[{"taxonomy":"category","embeddable":true,"href":"https:\/\/nszzfipwkrakow.pl\/index.php?rest_route=%2Fwp%2Fv2%2Fcategories&post=2786"},{"taxonomy":"post_tag","embeddable":true,"href":"https:\/\/nszzfipwkrakow.pl\/index.php?rest_route=%2Fwp%2Fv2%2Ftags&post=2786"}],"curies":[{"name":"wp","href":"https:\/\/api.w.org\/{rel}","templated":true}]}}