{"id":3275,"date":"2024-12-13T11:30:03","date_gmt":"2024-12-13T10:30:03","guid":{"rendered":"https:\/\/nszzfipwkrakow.pl\/?p=3275"},"modified":"2024-12-16T11:40:04","modified_gmt":"2024-12-16T10:40:04","slug":"swiateczna-atmosfera-pod-tatrami-wigilia-malopolskiej-federacji-zwiazkow-zawodowych-sluzb-mundurowych","status":"publish","type":"post","link":"https:\/\/nszzfipwkrakow.pl\/?p=3275","title":{"rendered":"\u015awi\u0105teczna atmosfera pod Tatrami \u2013 Wigilia Ma\u0142opolskiej Federacji Zwi\u0105zk\u00f3w Zawodowych S\u0142u\u017cb Mundurowych"},"content":{"rendered":"\n<p>12 grudnia w malowniczych okolicach Tatr odby\u0142a si\u0119 uroczysta Wigilia Ma\u0142opolskiej Federacji Zwi\u0105zk\u00f3w Zawodowych S\u0142u\u017cb Mundurowych w kt\u00f3rej to uczestniczy\u0142o ponad 120 funkcjonariuszy. To wyj\u0105tkowe wydarzenie zgromadzi\u0142o przedstawicieli r\u00f3\u017cnych formacji mundurowych oraz zaproszonych go\u015bci, kt\u00f3rzy wsp\u00f3lnie uczcili przed\u015bwi\u0105teczny czas w atmosferze wzajemnej \u017cyczliwo\u015bci i <a><\/a>szacunku.<\/p>\n\n\n\n<p>W wigilijnym spotkaniu udzia\u0142 wzi\u0119li cz\u0142onkowie: Niezale\u017cnego Samorz\u0105dnego Zwi\u0105zku Zawodowego Policjant\u00f3w woj. ma\u0142opolskiego, Zarz\u0105du Okr\u0119gowego Niezale\u017cnego Samorz\u0105dnego Zwi\u0105zku Zawodowego Funkcjonariuszy i Pracownik\u00f3w Wi\u0119ziennictwa w Krakowie, Niezale\u017cnego Samorz\u0105dnego Zwi\u0105zku Zawodowego Funkcjonariuszy Stra\u017cy Granicznej \u2013 Karpacki Oddzia\u0142 Stra\u017cy Granicznej w Nowym S\u0105czu oraz Ma\u0142opolskiego Zarz\u0105du Zwi\u0105zku Zawodowego Stra\u017cak\u00f3w Florian.<\/p>\n\n\n\n<p>Obok funkcjonariuszy i cz\u0142onk\u00f3w zwi\u0105zk\u00f3w zawodowych obecni byli r\u00f3wnie\u017c znamienici go\u015bcie i partnerzy wydarzenia. W\u015br\u00f3d zaproszonych znale\u017ali si\u0119 przedstawiciele w\u0142adz lokalnych i samorz\u0105dowych, reprezentanci instytucji wsp\u00f3\u0142pracuj\u0105cych ze s\u0142u\u017cbami mundurowymi, a tak\u017ce osoby na co dzie\u0144 wspieraj\u0105ce dzia\u0142alno\u015b\u0107 zwi\u0105zk\u00f3w.<\/p>\n\n\n\n<p>Zgromadzonych go\u015bci powita\u0142 Przewodnicz\u0105cy Ma\u0142opolskiej Federacji Zwi\u0105zk\u00f3w Zawodowych S\u0142u\u017cb Mundurowych, kol. Jacek Mr\u00f3z. W gronie zaproszonych uczestnik\u00f3w byli m.in.: gen. bryg. SG Adam Jopek \u2013 Komendant Karpackiego Oddzia\u0142u Stra\u017cy Granicznej, insp. Artur Bednarek \u2013 Komendant Wojew\u00f3dzki Policji w Krakowie, bryg. Marcin G\u0142ogowski \u2013 Zast\u0119pca Ma\u0142opolskiego Komendanta Wojew\u00f3dzkiego Pa\u0144stwowej Stra\u017cy Po\u017carnej, pp\u0142k dr Szymon Glica \u2013 Dyrektor Okr\u0119gowy S\u0142u\u017cby Wi\u0119ziennej w Krakowie, Wawrzyniec Bystrzycki \u2013 Wicestarosta Powiatu Tatrza\u0144skiego, Przewodnicz\u0105cy Zarz\u0105du Wojew\u00f3dzkiego NSZZ Policjant\u00f3w woj. opolskiego kol. Artur Ku\u015b wraz z Zast\u0119pcami kol. Jackiem \u0141uszczkiem i kol. Adamem Madejem, Wiceprzewodnicz\u0105cy Zarz\u0105du Wojew\u00f3dzkiego NSZZ Policjant\u00f3w woj. lubelskiego kol. Micha\u0142 Sawicki, kol. Krzysztof Adamski i kol. S\u0142awomir G\u00f3rzy\u0144ski, Przewodnicz\u0105cy Zarz\u0105du Szkolnego NSZZ Policjant\u00f3w Szko\u0142y Policji w Pile kol. Przemys\u0142aw Zublewicz.<\/p>\n\n\n\n<p>Podczas sk\u0142adania \u017cycze\u0144 Przewodnicz\u0105cy Federacji oraz kolejni Komendanci dzi\u0119kowali funkcjonariuszom za ich oddanie i trud, kt\u00f3ry ka\u017cdego dnia wk\u0142adaj\u0105 w swoj\u0105 s\u0142u\u017cb\u0119. \u201eWasza codzienna praca to przyk\u0142ad odpowiedzialno\u015bci i troski o bezpiecze\u0144stwo naszych obywateli. \u017byczymy Wam zdrowia, wytrwa\u0142o\u015bci i spokojnych \u015bwi\u0105t w gronie rodziny\u201d \u2013 m\u00f3wi\u0142 gen. bryg. SG Adam Jopek.<\/p>\n\n\n\n<p>\u201eW ten wyj\u0105tkowy czas zbli\u017caj\u0105cych si\u0119 \u015awi\u0105t Bo\u017cego Narodzenia \u017cycz\u0119 Wam, by\u015bcie mogli na chwil\u0119 zatrzyma\u0107 si\u0119, odpocz\u0105\u0107 i cieszy\u0107 si\u0119 obecno\u015bci\u0105 rodziny. Niech Nowy Rok przyniesie Wam pomy\u015blno\u015b\u0107 w \u017cyciu zawodowym i osobistym\u201d \u2013 doda\u0142 insp. Artur Bednarek.<\/p>\n\n\n\n<p>Wicestarosta Powiatu Tatrza\u0144skiego, Wawrzyniec Bystrzycki, r\u00f3wnie\u017c skierowa\u0142 ciep\u0142e s\u0142owa do zgromadzonych: \u201ePraca, kt\u00f3r\u0105 wykonujecie, to nieoceniony wk\u0142ad w \u017cycie naszej spo\u0142eczno\u015bci. \u017bycz\u0119 Wam, aby nadchodz\u0105ce \u015bwi\u0119ta by\u0142y pe\u0142ne spokoju i rado\u015bci, a Nowy Rok przyni\u00f3s\u0142 Wam spe\u0142nienie zawodowe i osobiste\u201d.<\/p>\n\n\n\n<p>Po oficjalnych przem\u00f3wieniach uczestnicy uroczysto\u015bci prze\u0142amali si\u0119 op\u0142atkiem, sk\u0142adaj\u0105c sobie serdeczne \u017cyczenia. By\u0142 to moment wzruszenia i refleksji, kt\u00f3ry podkre\u015bli\u0142 wsp\u00f3lnotowy charakter wydarzenia.<\/p>\n\n\n\n<p>Wiecz\u00f3r zako\u0144czy\u0142 si\u0119 tradycyjn\u0105 wigilijn\u0105 wieczerz\u0105, podczas kt\u00f3rej serwowano regionalne potrawy. W mi\u0142ej i \u015bwi\u0105tecznej atmosferze zgromadzeni mieli okazj\u0119 do rozm\u00f3w i integracji, wzmacniaj\u0105c wi\u0119zi mi\u0119dzy przedstawicielami r\u00f3\u017cnych formacji.<\/p>\n\n\n\n<p>Tegoroczne spotkanie by\u0142o nie tylko okazj\u0105 do wsp\u00f3lnego \u015bwi\u0119towania, ale r\u00f3wnie\u017c podkre\u015blenia znaczenia wsp\u00f3\u0142pracy i wzajemnego wsparcia w trudach codziennej s\u0142u\u017cby. Wszyscy obecni zgodnie podkre\u015blali, \u017ce takie chwile umacniaj\u0105 wi\u0119zi i pozwalaj\u0105 z nadziej\u0105 patrze\u0107 w przysz\u0142o\u015b\u0107.<\/p>\n\n\n\n<p>\u0179r\u00f3d\u0142o: Zesp\u00f3\u0142 Prasowy <a href=\"https:\/\/www.facebook.com\/profile.php?id=100089045123155&amp;__cft__[0]=AZXoS0IXzDw_ZPSNiZFG_EOBZhXld1BE7CHjl_X76YEHzJisMDy54kYbh1xeOJtSXz7uEFz7XU7go1iPK43W6aneIPb5ASfWQdVBB2iTfqAr_-NFccWTWt-ldRbyE9QVRjNy1U22UgDt18Gr7vVTFKLrg7LY0ebHTCRJ1nAjJXiq3XMOIeoVuLtUjpvsYOhOvFqEI84hpFbfD6HzznQkYulx&amp;__tn__=-]K-R\">Niezale\u017cny Samorz\u0105dny Zwi\u0105zek Zawodowy Policjant\u00f3w woj. ma\u0142opolskiego<\/a><img decoding=\"async\" height=\"16\" width=\"16\" alt=\"\ud83d\udc4a\" src=\"https:\/\/static.xx.fbcdn.net\/images\/emoji.php\/v9\/t79\/1\/16\/1f44a.png\"><\/p>\n\n\n\n<figure class=\"wp-block-gallery has-nested-images columns-default is-cropped wp-block-gallery-1 is-layout-flex wp-block-gallery-is-layout-flex\">\n<figure class=\"wp-block-image size-large\"><img fetchpriority=\"high\" decoding=\"async\" width=\"1024\" height=\"461\" data-id=\"3276\" src=\"https:\/\/nszzfipwkrakow.pl\/wp-content\/uploads\/2024\/12\/470175268_122192207324187424_407013099026644454_n-1024x461.jpg\" alt=\"\" class=\"wp-image-3276\" srcset=\"https:\/\/nszzfipwkrakow.pl\/wp-content\/uploads\/2024\/12\/470175268_122192207324187424_407013099026644454_n-1024x461.jpg 1024w, https:\/\/nszzfipwkrakow.pl\/wp-content\/uploads\/2024\/12\/470175268_122192207324187424_407013099026644454_n-300x135.jpg 300w, https:\/\/nszzfipwkrakow.pl\/wp-content\/uploads\/2024\/12\/470175268_122192207324187424_407013099026644454_n-768x346.jpg 768w, https:\/\/nszzfipwkrakow.pl\/wp-content\/uploads\/2024\/12\/470175268_122192207324187424_407013099026644454_n-1536x691.jpg 1536w, https:\/\/nszzfipwkrakow.pl\/wp-content\/uploads\/2024\/12\/470175268_122192207324187424_407013099026644454_n.jpg 2000w\" sizes=\"(max-width: 1024px) 100vw, 1024px\" \/><\/figure>\n\n\n\n<figure class=\"wp-block-image size-large\"><img decoding=\"async\" width=\"1024\" height=\"461\" data-id=\"3277\" src=\"https:\/\/nszzfipwkrakow.pl\/wp-content\/uploads\/2024\/12\/470139091_122192207228187424_8789827915971293990_n-1024x461.jpg\" alt=\"\" class=\"wp-image-3277\" srcset=\"https:\/\/nszzfipwkrakow.pl\/wp-content\/uploads\/2024\/12\/470139091_122192207228187424_8789827915971293990_n-1024x461.jpg 1024w, https:\/\/nszzfipwkrakow.pl\/wp-content\/uploads\/2024\/12\/470139091_122192207228187424_8789827915971293990_n-300x135.jpg 300w, https:\/\/nszzfipwkrakow.pl\/wp-content\/uploads\/2024\/12\/470139091_122192207228187424_8789827915971293990_n-768x346.jpg 768w, https:\/\/nszzfipwkrakow.pl\/wp-content\/uploads\/2024\/12\/470139091_122192207228187424_8789827915971293990_n-1536x691.jpg 1536w, https:\/\/nszzfipwkrakow.pl\/wp-content\/uploads\/2024\/12\/470139091_122192207228187424_8789827915971293990_n.jpg 2000w\" sizes=\"(max-width: 1024px) 100vw, 1024px\" \/><\/figure>\n\n\n\n<figure class=\"wp-block-image size-large\"><img loading=\"lazy\" decoding=\"async\" width=\"1024\" height=\"768\" data-id=\"3281\" src=\"https:\/\/nszzfipwkrakow.pl\/wp-content\/uploads\/2024\/12\/470152612_122192205356187424_2801823291267240940_n-1024x768.jpg\" alt=\"\" class=\"wp-image-3281\" srcset=\"https:\/\/nszzfipwkrakow.pl\/wp-content\/uploads\/2024\/12\/470152612_122192205356187424_2801823291267240940_n-1024x768.jpg 1024w, https:\/\/nszzfipwkrakow.pl\/wp-content\/uploads\/2024\/12\/470152612_122192205356187424_2801823291267240940_n-300x225.jpg 300w, https:\/\/nszzfipwkrakow.pl\/wp-content\/uploads\/2024\/12\/470152612_122192205356187424_2801823291267240940_n-768x576.jpg 768w, https:\/\/nszzfipwkrakow.pl\/wp-content\/uploads\/2024\/12\/470152612_122192205356187424_2801823291267240940_n.jpg 1440w\" sizes=\"(max-width: 1024px) 100vw, 1024px\" \/><\/figure>\n\n\n\n<figure class=\"wp-block-image size-large\"><img loading=\"lazy\" decoding=\"async\" width=\"1024\" height=\"768\" data-id=\"3278\" src=\"https:\/\/nszzfipwkrakow.pl\/wp-content\/uploads\/2024\/12\/470207395_122192205578187424_646240731525432941_n-1024x768.jpg\" alt=\"\" class=\"wp-image-3278\" srcset=\"https:\/\/nszzfipwkrakow.pl\/wp-content\/uploads\/2024\/12\/470207395_122192205578187424_646240731525432941_n-1024x768.jpg 1024w, https:\/\/nszzfipwkrakow.pl\/wp-content\/uploads\/2024\/12\/470207395_122192205578187424_646240731525432941_n-300x225.jpg 300w, https:\/\/nszzfipwkrakow.pl\/wp-content\/uploads\/2024\/12\/470207395_122192205578187424_646240731525432941_n-768x576.jpg 768w, https:\/\/nszzfipwkrakow.pl\/wp-content\/uploads\/2024\/12\/470207395_122192205578187424_646240731525432941_n.jpg 1440w\" sizes=\"(max-width: 1024px) 100vw, 1024px\" \/><\/figure>\n\n\n\n<figure class=\"wp-block-image size-large\"><img loading=\"lazy\" decoding=\"async\" width=\"1024\" height=\"461\" data-id=\"3280\" src=\"https:\/\/nszzfipwkrakow.pl\/wp-content\/uploads\/2024\/12\/470209478_122192207252187424_5097413903387541480_n-1024x461.jpg\" alt=\"\" class=\"wp-image-3280\" srcset=\"https:\/\/nszzfipwkrakow.pl\/wp-content\/uploads\/2024\/12\/470209478_122192207252187424_5097413903387541480_n-1024x461.jpg 1024w, https:\/\/nszzfipwkrakow.pl\/wp-content\/uploads\/2024\/12\/470209478_122192207252187424_5097413903387541480_n-300x135.jpg 300w, https:\/\/nszzfipwkrakow.pl\/wp-content\/uploads\/2024\/12\/470209478_122192207252187424_5097413903387541480_n-768x346.jpg 768w, https:\/\/nszzfipwkrakow.pl\/wp-content\/uploads\/2024\/12\/470209478_122192207252187424_5097413903387541480_n-1536x691.jpg 1536w, https:\/\/nszzfipwkrakow.pl\/wp-content\/uploads\/2024\/12\/470209478_122192207252187424_5097413903387541480_n.jpg 2000w\" sizes=\"(max-width: 1024px) 100vw, 1024px\" \/><\/figure>\n\n\n\n<figure class=\"wp-block-image size-large\"><img loading=\"lazy\" decoding=\"async\" width=\"461\" height=\"1024\" data-id=\"3282\" src=\"https:\/\/nszzfipwkrakow.pl\/wp-content\/uploads\/2024\/12\/470213202_122192207288187424_7039214644974474419_n-461x1024.jpg\" alt=\"\" class=\"wp-image-3282\" srcset=\"https:\/\/nszzfipwkrakow.pl\/wp-content\/uploads\/2024\/12\/470213202_122192207288187424_7039214644974474419_n-461x1024.jpg 461w, https:\/\/nszzfipwkrakow.pl\/wp-content\/uploads\/2024\/12\/470213202_122192207288187424_7039214644974474419_n-135x300.jpg 135w, https:\/\/nszzfipwkrakow.pl\/wp-content\/uploads\/2024\/12\/470213202_122192207288187424_7039214644974474419_n-768x1707.jpg 768w, https:\/\/nszzfipwkrakow.pl\/wp-content\/uploads\/2024\/12\/470213202_122192207288187424_7039214644974474419_n-691x1536.jpg 691w, https:\/\/nszzfipwkrakow.pl\/wp-content\/uploads\/2024\/12\/470213202_122192207288187424_7039214644974474419_n.jpg 900w\" sizes=\"(max-width: 461px) 100vw, 461px\" \/><\/figure>\n\n\n\n<figure class=\"wp-block-image size-large\"><img loading=\"lazy\" decoding=\"async\" width=\"1024\" height=\"768\" data-id=\"3279\" src=\"https:\/\/nszzfipwkrakow.pl\/wp-content\/uploads\/2024\/12\/470197586_122192205626187424_5225053538510182260_n-1024x768.jpg\" alt=\"\" class=\"wp-image-3279\" srcset=\"https:\/\/nszzfipwkrakow.pl\/wp-content\/uploads\/2024\/12\/470197586_122192205626187424_5225053538510182260_n-1024x768.jpg 1024w, https:\/\/nszzfipwkrakow.pl\/wp-content\/uploads\/2024\/12\/470197586_122192205626187424_5225053538510182260_n-300x225.jpg 300w, https:\/\/nszzfipwkrakow.pl\/wp-content\/uploads\/2024\/12\/470197586_122192205626187424_5225053538510182260_n-768x576.jpg 768w, https:\/\/nszzfipwkrakow.pl\/wp-content\/uploads\/2024\/12\/470197586_122192205626187424_5225053538510182260_n-1536x1152.jpg 1536w, https:\/\/nszzfipwkrakow.pl\/wp-content\/uploads\/2024\/12\/470197586_122192205626187424_5225053538510182260_n.jpg 1600w\" sizes=\"(max-width: 1024px) 100vw, 1024px\" \/><\/figure>\n\n\n\n<figure class=\"wp-block-image size-large\"><img loading=\"lazy\" decoding=\"async\" width=\"1024\" height=\"777\" data-id=\"3287\" src=\"https:\/\/nszzfipwkrakow.pl\/wp-content\/uploads\/2024\/12\/470239586_122192205344187424_3112398624256871630_n-1024x777.jpg\" alt=\"\" class=\"wp-image-3287\" srcset=\"https:\/\/nszzfipwkrakow.pl\/wp-content\/uploads\/2024\/12\/470239586_122192205344187424_3112398624256871630_n-1024x777.jpg 1024w, https:\/\/nszzfipwkrakow.pl\/wp-content\/uploads\/2024\/12\/470239586_122192205344187424_3112398624256871630_n-300x228.jpg 300w, https:\/\/nszzfipwkrakow.pl\/wp-content\/uploads\/2024\/12\/470239586_122192205344187424_3112398624256871630_n-768x583.jpg 768w, https:\/\/nszzfipwkrakow.pl\/wp-content\/uploads\/2024\/12\/470239586_122192205344187424_3112398624256871630_n.jpg 1423w\" sizes=\"(max-width: 1024px) 100vw, 1024px\" \/><\/figure>\n\n\n\n<figure class=\"wp-block-image size-large\"><img loading=\"lazy\" decoding=\"async\" width=\"1024\" height=\"461\" data-id=\"3283\" src=\"https:\/\/nszzfipwkrakow.pl\/wp-content\/uploads\/2024\/12\/470235472_122192207216187424_1266187972828671419_n-1024x461.jpg\" alt=\"\" class=\"wp-image-3283\" srcset=\"https:\/\/nszzfipwkrakow.pl\/wp-content\/uploads\/2024\/12\/470235472_122192207216187424_1266187972828671419_n-1024x461.jpg 1024w, https:\/\/nszzfipwkrakow.pl\/wp-content\/uploads\/2024\/12\/470235472_122192207216187424_1266187972828671419_n-300x135.jpg 300w, https:\/\/nszzfipwkrakow.pl\/wp-content\/uploads\/2024\/12\/470235472_122192207216187424_1266187972828671419_n-768x346.jpg 768w, https:\/\/nszzfipwkrakow.pl\/wp-content\/uploads\/2024\/12\/470235472_122192207216187424_1266187972828671419_n-1536x691.jpg 1536w, https:\/\/nszzfipwkrakow.pl\/wp-content\/uploads\/2024\/12\/470235472_122192207216187424_1266187972828671419_n.jpg 2000w\" sizes=\"(max-width: 1024px) 100vw, 1024px\" \/><\/figure>\n\n\n\n<figure class=\"wp-block-image size-large\"><img loading=\"lazy\" decoding=\"async\" width=\"1024\" height=\"461\" data-id=\"3284\" src=\"https:\/\/nszzfipwkrakow.pl\/wp-content\/uploads\/2024\/12\/470227588_122192207402187424_783932094828218831_n-1024x461.jpg\" alt=\"\" class=\"wp-image-3284\" srcset=\"https:\/\/nszzfipwkrakow.pl\/wp-content\/uploads\/2024\/12\/470227588_122192207402187424_783932094828218831_n-1024x461.jpg 1024w, https:\/\/nszzfipwkrakow.pl\/wp-content\/uploads\/2024\/12\/470227588_122192207402187424_783932094828218831_n-300x135.jpg 300w, https:\/\/nszzfipwkrakow.pl\/wp-content\/uploads\/2024\/12\/470227588_122192207402187424_783932094828218831_n-768x346.jpg 768w, https:\/\/nszzfipwkrakow.pl\/wp-content\/uploads\/2024\/12\/470227588_122192207402187424_783932094828218831_n-1536x691.jpg 1536w, https:\/\/nszzfipwkrakow.pl\/wp-content\/uploads\/2024\/12\/470227588_122192207402187424_783932094828218831_n.jpg 2000w\" sizes=\"(max-width: 1024px) 100vw, 1024px\" \/><\/figure>\n\n\n\n<figure class=\"wp-block-image size-large\"><img loading=\"lazy\" decoding=\"async\" width=\"1024\" height=\"768\" data-id=\"3285\" src=\"https:\/\/nszzfipwkrakow.pl\/wp-content\/uploads\/2024\/12\/470451114_122192205518187424_8289550309304712456_n-1024x768.jpg\" alt=\"\" class=\"wp-image-3285\" srcset=\"https:\/\/nszzfipwkrakow.pl\/wp-content\/uploads\/2024\/12\/470451114_122192205518187424_8289550309304712456_n-1024x768.jpg 1024w, https:\/\/nszzfipwkrakow.pl\/wp-content\/uploads\/2024\/12\/470451114_122192205518187424_8289550309304712456_n-300x225.jpg 300w, https:\/\/nszzfipwkrakow.pl\/wp-content\/uploads\/2024\/12\/470451114_122192205518187424_8289550309304712456_n-768x576.jpg 768w, https:\/\/nszzfipwkrakow.pl\/wp-content\/uploads\/2024\/12\/470451114_122192205518187424_8289550309304712456_n.jpg 1440w\" sizes=\"(max-width: 1024px) 100vw, 1024px\" \/><\/figure>\n\n\n\n<figure class=\"wp-block-image size-large\"><img loading=\"lazy\" decoding=\"async\" width=\"1024\" height=\"461\" data-id=\"3286\" src=\"https:\/\/nszzfipwkrakow.pl\/wp-content\/uploads\/2024\/12\/470484072_122192207348187424_8275004199971358767_n-1024x461.jpg\" alt=\"\" class=\"wp-image-3286\" srcset=\"https:\/\/nszzfipwkrakow.pl\/wp-content\/uploads\/2024\/12\/470484072_122192207348187424_8275004199971358767_n-1024x461.jpg 1024w, https:\/\/nszzfipwkrakow.pl\/wp-content\/uploads\/2024\/12\/470484072_122192207348187424_8275004199971358767_n-300x135.jpg 300w, https:\/\/nszzfipwkrakow.pl\/wp-content\/uploads\/2024\/12\/470484072_122192207348187424_8275004199971358767_n-768x346.jpg 768w, https:\/\/nszzfipwkrakow.pl\/wp-content\/uploads\/2024\/12\/470484072_122192207348187424_8275004199971358767_n-1536x691.jpg 1536w, https:\/\/nszzfipwkrakow.pl\/wp-content\/uploads\/2024\/12\/470484072_122192207348187424_8275004199971358767_n.jpg 2000w\" sizes=\"(max-width: 1024px) 100vw, 1024px\" \/><\/figure>\n\n\n\n<figure class=\"wp-block-image size-large\"><img loading=\"lazy\" decoding=\"async\" width=\"1024\" height=\"461\" data-id=\"3288\" src=\"https:\/\/nszzfipwkrakow.pl\/wp-content\/uploads\/2024\/12\/470530331_122192205794187424_9081726064891378270_n-1024x461.jpg\" alt=\"\" class=\"wp-image-3288\" srcset=\"https:\/\/nszzfipwkrakow.pl\/wp-content\/uploads\/2024\/12\/470530331_122192205794187424_9081726064891378270_n-1024x461.jpg 1024w, https:\/\/nszzfipwkrakow.pl\/wp-content\/uploads\/2024\/12\/470530331_122192205794187424_9081726064891378270_n-300x135.jpg 300w, https:\/\/nszzfipwkrakow.pl\/wp-content\/uploads\/2024\/12\/470530331_122192205794187424_9081726064891378270_n-768x346.jpg 768w, https:\/\/nszzfipwkrakow.pl\/wp-content\/uploads\/2024\/12\/470530331_122192205794187424_9081726064891378270_n-1536x691.jpg 1536w, https:\/\/nszzfipwkrakow.pl\/wp-content\/uploads\/2024\/12\/470530331_122192205794187424_9081726064891378270_n.jpg 2000w\" sizes=\"(max-width: 1024px) 100vw, 1024px\" \/><\/figure>\n\n\n\n<figure class=\"wp-block-image size-large\"><img loading=\"lazy\" decoding=\"async\" width=\"1024\" height=\"461\" data-id=\"3289\" src=\"https:\/\/nszzfipwkrakow.pl\/wp-content\/uploads\/2024\/12\/470562937_122192207432187424_6158330981301200581_n-1024x461.jpg\" alt=\"\" class=\"wp-image-3289\" srcset=\"https:\/\/nszzfipwkrakow.pl\/wp-content\/uploads\/2024\/12\/470562937_122192207432187424_6158330981301200581_n-1024x461.jpg 1024w, https:\/\/nszzfipwkrakow.pl\/wp-content\/uploads\/2024\/12\/470562937_122192207432187424_6158330981301200581_n-300x135.jpg 300w, https:\/\/nszzfipwkrakow.pl\/wp-content\/uploads\/2024\/12\/470562937_122192207432187424_6158330981301200581_n-768x346.jpg 768w, https:\/\/nszzfipwkrakow.pl\/wp-content\/uploads\/2024\/12\/470562937_122192207432187424_6158330981301200581_n-1536x691.jpg 1536w, https:\/\/nszzfipwkrakow.pl\/wp-content\/uploads\/2024\/12\/470562937_122192207432187424_6158330981301200581_n.jpg 2000w\" sizes=\"(max-width: 1024px) 100vw, 1024px\" \/><\/figure>\n<\/figure>\n","protected":false},"excerpt":{"rendered":"<p>12 grudnia w malowniczych okolicach Tatr odby\u0142a si\u0119 uroczysta Wigilia Ma\u0142opolskiej Federacji Zwi\u0105zk\u00f3w Zawodowych S\u0142u\u017cb Mundurowych w kt\u00f3rej to uczestniczy\u0142o ponad 120 funkcjonariuszy. To wyj\u0105tkowe wydarzenie zgromadzi\u0142o przedstawicieli r\u00f3\u017cnych formacji mundurowych oraz zaproszonych go\u015bci, kt\u00f3rzy wsp\u00f3lnie uczcili przed\u015bwi\u0105teczny czas w atmosferze wzajemnej \u017cyczliwo\u015bci i szacunku. W wigilijnym spotkaniu udzia\u0142 wzi\u0119li cz\u0142onkowie: Niezale\u017cnego Samorz\u0105dnego Zwi\u0105zku Zawodowego&#8230; <\/p>\n","protected":false},"author":1,"featured_media":3288,"comment_status":"closed","ping_status":"closed","sticky":false,"template":"","format":"standard","meta":{"footnotes":""},"categories":[1],"tags":[],"class_list":["post-3275","post","type-post","status-publish","format-standard","has-post-thumbnail","hentry","category-bez-kategorii"],"yoast_head":"<!-- This site is optimized with the Yoast SEO plugin v23.6 - https:\/\/yoast.com\/wordpress\/plugins\/seo\/ -->\n<title>\u015awi\u0105teczna atmosfera pod Tatrami \u2013 Wigilia Ma\u0142opolskiej Federacji Zwi\u0105zk\u00f3w Zawodowych S\u0142u\u017cb Mundurowych - NSZZFIPW KRAK\u00d3W<\/title>\n<meta name=\"robots\" content=\"index, follow, max-snippet:-1, max-image-preview:large, max-video-preview:-1\" \/>\n<link rel=\"canonical\" href=\"https:\/\/nszzfipwkrakow.pl\/?p=3275\" \/>\n<meta property=\"og:locale\" content=\"pl_PL\" \/>\n<meta property=\"og:type\" content=\"article\" \/>\n<meta property=\"og:title\" content=\"\u015awi\u0105teczna atmosfera pod Tatrami \u2013 Wigilia Ma\u0142opolskiej Federacji Zwi\u0105zk\u00f3w Zawodowych S\u0142u\u017cb Mundurowych - NSZZFIPW KRAK\u00d3W\" \/>\n<meta property=\"og:description\" content=\"12 grudnia w malowniczych okolicach Tatr odby\u0142a si\u0119 uroczysta Wigilia Ma\u0142opolskiej Federacji Zwi\u0105zk\u00f3w Zawodowych S\u0142u\u017cb Mundurowych w kt\u00f3rej to uczestniczy\u0142o ponad 120 funkcjonariuszy. To wyj\u0105tkowe wydarzenie zgromadzi\u0142o przedstawicieli r\u00f3\u017cnych formacji mundurowych oraz zaproszonych go\u015bci, kt\u00f3rzy wsp\u00f3lnie uczcili przed\u015bwi\u0105teczny czas w atmosferze wzajemnej \u017cyczliwo\u015bci i szacunku. W wigilijnym spotkaniu udzia\u0142 wzi\u0119li cz\u0142onkowie: Niezale\u017cnego Samorz\u0105dnego Zwi\u0105zku Zawodowego...\" \/>\n<meta property=\"og:url\" content=\"https:\/\/nszzfipwkrakow.pl\/?p=3275\" \/>\n<meta property=\"og:site_name\" content=\"NSZZFIPW KRAK\u00d3W\" \/>\n<meta property=\"article:published_time\" content=\"2024-12-13T10:30:03+00:00\" \/>\n<meta property=\"article:modified_time\" content=\"2024-12-16T10:40:04+00:00\" \/>\n<meta property=\"og:image\" content=\"http:\/\/nszzfipwkrakow.pl\/wp-content\/uploads\/2024\/12\/470530331_122192205794187424_9081726064891378270_n.jpg\" \/>\n\t<meta property=\"og:image:width\" content=\"2000\" \/>\n\t<meta property=\"og:image:height\" content=\"900\" \/>\n\t<meta property=\"og:image:type\" content=\"image\/jpeg\" \/>\n<meta name=\"author\" content=\"admin\" \/>\n<meta name=\"twitter:card\" content=\"summary_large_image\" \/>\n<meta name=\"twitter:label1\" content=\"Napisane przez\" \/>\n\t<meta name=\"twitter:data1\" content=\"admin\" \/>\n\t<meta name=\"twitter:label2\" content=\"Szacowany czas czytania\" \/>\n\t<meta name=\"twitter:data2\" content=\"3 minuty\" \/>\n<script type=\"application\/ld+json\" class=\"yoast-schema-graph\">{\"@context\":\"https:\/\/schema.org\",\"@graph\":[{\"@type\":\"WebPage\",\"@id\":\"https:\/\/nszzfipwkrakow.pl\/?p=3275\",\"url\":\"https:\/\/nszzfipwkrakow.pl\/?p=3275\",\"name\":\"\u015awi\u0105teczna atmosfera pod Tatrami \u2013 Wigilia Ma\u0142opolskiej Federacji Zwi\u0105zk\u00f3w Zawodowych S\u0142u\u017cb Mundurowych - NSZZFIPW KRAK\u00d3W\",\"isPartOf\":{\"@id\":\"https:\/\/nszzfipwkrakow.pl\/#website\"},\"primaryImageOfPage\":{\"@id\":\"https:\/\/nszzfipwkrakow.pl\/?p=3275#primaryimage\"},\"image\":{\"@id\":\"https:\/\/nszzfipwkrakow.pl\/?p=3275#primaryimage\"},\"thumbnailUrl\":\"https:\/\/nszzfipwkrakow.pl\/wp-content\/uploads\/2024\/12\/470530331_122192205794187424_9081726064891378270_n.jpg\",\"datePublished\":\"2024-12-13T10:30:03+00:00\",\"dateModified\":\"2024-12-16T10:40:04+00:00\",\"author\":{\"@id\":\"https:\/\/nszzfipwkrakow.pl\/#\/schema\/person\/6ed4f5653fcef94e0679828bd6c401a3\"},\"breadcrumb\":{\"@id\":\"https:\/\/nszzfipwkrakow.pl\/?p=3275#breadcrumb\"},\"inLanguage\":\"pl-PL\",\"potentialAction\":[{\"@type\":\"ReadAction\",\"target\":[\"https:\/\/nszzfipwkrakow.pl\/?p=3275\"]}]},{\"@type\":\"ImageObject\",\"inLanguage\":\"pl-PL\",\"@id\":\"https:\/\/nszzfipwkrakow.pl\/?p=3275#primaryimage\",\"url\":\"https:\/\/nszzfipwkrakow.pl\/wp-content\/uploads\/2024\/12\/470530331_122192205794187424_9081726064891378270_n.jpg\",\"contentUrl\":\"https:\/\/nszzfipwkrakow.pl\/wp-content\/uploads\/2024\/12\/470530331_122192205794187424_9081726064891378270_n.jpg\",\"width\":2000,\"height\":900},{\"@type\":\"BreadcrumbList\",\"@id\":\"https:\/\/nszzfipwkrakow.pl\/?p=3275#breadcrumb\",\"itemListElement\":[{\"@type\":\"ListItem\",\"position\":1,\"name\":\"Strona g\u0142\u00f3wna\",\"item\":\"https:\/\/nszzfipwkrakow.pl\/\"},{\"@type\":\"ListItem\",\"position\":2,\"name\":\"\u015awi\u0105teczna atmosfera pod Tatrami \u2013 Wigilia Ma\u0142opolskiej Federacji Zwi\u0105zk\u00f3w Zawodowych S\u0142u\u017cb Mundurowych\"}]},{\"@type\":\"WebSite\",\"@id\":\"https:\/\/nszzfipwkrakow.pl\/#website\",\"url\":\"https:\/\/nszzfipwkrakow.pl\/\",\"name\":\"NSZZFIPW KRAK\u00d3W\",\"description\":\"ZARZ\u0104D OKR\u0118GOWY KRAK\u00d3W\",\"potentialAction\":[{\"@type\":\"SearchAction\",\"target\":{\"@type\":\"EntryPoint\",\"urlTemplate\":\"https:\/\/nszzfipwkrakow.pl\/?s={search_term_string}\"},\"query-input\":{\"@type\":\"PropertyValueSpecification\",\"valueRequired\":true,\"valueName\":\"search_term_string\"}}],\"inLanguage\":\"pl-PL\"},{\"@type\":\"Person\",\"@id\":\"https:\/\/nszzfipwkrakow.pl\/#\/schema\/person\/6ed4f5653fcef94e0679828bd6c401a3\",\"name\":\"admin\",\"image\":{\"@type\":\"ImageObject\",\"inLanguage\":\"pl-PL\",\"@id\":\"https:\/\/nszzfipwkrakow.pl\/#\/schema\/person\/image\/\",\"url\":\"https:\/\/secure.gravatar.com\/avatar\/a70b0ad75215a3dab992971e93f6fa17d27386e5f39894f93a7a74854f9c125c?s=96&d=mm&r=g\",\"contentUrl\":\"https:\/\/secure.gravatar.com\/avatar\/a70b0ad75215a3dab992971e93f6fa17d27386e5f39894f93a7a74854f9c125c?s=96&d=mm&r=g\",\"caption\":\"admin\"},\"url\":\"https:\/\/nszzfipwkrakow.pl\/?author=1\"}]}<\/script>\n<!-- \/ Yoast SEO plugin. -->","yoast_head_json":{"title":"\u015awi\u0105teczna atmosfera pod Tatrami \u2013 Wigilia Ma\u0142opolskiej Federacji Zwi\u0105zk\u00f3w Zawodowych S\u0142u\u017cb Mundurowych - NSZZFIPW KRAK\u00d3W","robots":{"index":"index","follow":"follow","max-snippet":"max-snippet:-1","max-image-preview":"max-image-preview:large","max-video-preview":"max-video-preview:-1"},"canonical":"https:\/\/nszzfipwkrakow.pl\/?p=3275","og_locale":"pl_PL","og_type":"article","og_title":"\u015awi\u0105teczna atmosfera pod Tatrami \u2013 Wigilia Ma\u0142opolskiej Federacji Zwi\u0105zk\u00f3w Zawodowych S\u0142u\u017cb Mundurowych - NSZZFIPW KRAK\u00d3W","og_description":"12 grudnia w malowniczych okolicach Tatr odby\u0142a si\u0119 uroczysta Wigilia Ma\u0142opolskiej Federacji Zwi\u0105zk\u00f3w Zawodowych S\u0142u\u017cb Mundurowych w kt\u00f3rej to uczestniczy\u0142o ponad 120 funkcjonariuszy. To wyj\u0105tkowe wydarzenie zgromadzi\u0142o przedstawicieli r\u00f3\u017cnych formacji mundurowych oraz zaproszonych go\u015bci, kt\u00f3rzy wsp\u00f3lnie uczcili przed\u015bwi\u0105teczny czas w atmosferze wzajemnej \u017cyczliwo\u015bci i szacunku. W wigilijnym spotkaniu udzia\u0142 wzi\u0119li cz\u0142onkowie: Niezale\u017cnego Samorz\u0105dnego Zwi\u0105zku Zawodowego...","og_url":"https:\/\/nszzfipwkrakow.pl\/?p=3275","og_site_name":"NSZZFIPW KRAK\u00d3W","article_published_time":"2024-12-13T10:30:03+00:00","article_modified_time":"2024-12-16T10:40:04+00:00","og_image":[{"width":2000,"height":900,"url":"http:\/\/nszzfipwkrakow.pl\/wp-content\/uploads\/2024\/12\/470530331_122192205794187424_9081726064891378270_n.jpg","type":"image\/jpeg"}],"author":"admin","twitter_card":"summary_large_image","twitter_misc":{"Napisane przez":"admin","Szacowany czas czytania":"3 minuty"},"schema":{"@context":"https:\/\/schema.org","@graph":[{"@type":"WebPage","@id":"https:\/\/nszzfipwkrakow.pl\/?p=3275","url":"https:\/\/nszzfipwkrakow.pl\/?p=3275","name":"\u015awi\u0105teczna atmosfera pod Tatrami \u2013 Wigilia Ma\u0142opolskiej Federacji Zwi\u0105zk\u00f3w Zawodowych S\u0142u\u017cb Mundurowych - NSZZFIPW KRAK\u00d3W","isPartOf":{"@id":"https:\/\/nszzfipwkrakow.pl\/#website"},"primaryImageOfPage":{"@id":"https:\/\/nszzfipwkrakow.pl\/?p=3275#primaryimage"},"image":{"@id":"https:\/\/nszzfipwkrakow.pl\/?p=3275#primaryimage"},"thumbnailUrl":"https:\/\/nszzfipwkrakow.pl\/wp-content\/uploads\/2024\/12\/470530331_122192205794187424_9081726064891378270_n.jpg","datePublished":"2024-12-13T10:30:03+00:00","dateModified":"2024-12-16T10:40:04+00:00","author":{"@id":"https:\/\/nszzfipwkrakow.pl\/#\/schema\/person\/6ed4f5653fcef94e0679828bd6c401a3"},"breadcrumb":{"@id":"https:\/\/nszzfipwkrakow.pl\/?p=3275#breadcrumb"},"inLanguage":"pl-PL","potentialAction":[{"@type":"ReadAction","target":["https:\/\/nszzfipwkrakow.pl\/?p=3275"]}]},{"@type":"ImageObject","inLanguage":"pl-PL","@id":"https:\/\/nszzfipwkrakow.pl\/?p=3275#primaryimage","url":"https:\/\/nszzfipwkrakow.pl\/wp-content\/uploads\/2024\/12\/470530331_122192205794187424_9081726064891378270_n.jpg","contentUrl":"https:\/\/nszzfipwkrakow.pl\/wp-content\/uploads\/2024\/12\/470530331_122192205794187424_9081726064891378270_n.jpg","width":2000,"height":900},{"@type":"BreadcrumbList","@id":"https:\/\/nszzfipwkrakow.pl\/?p=3275#breadcrumb","itemListElement":[{"@type":"ListItem","position":1,"name":"Strona g\u0142\u00f3wna","item":"https:\/\/nszzfipwkrakow.pl\/"},{"@type":"ListItem","position":2,"name":"\u015awi\u0105teczna atmosfera pod Tatrami \u2013 Wigilia Ma\u0142opolskiej Federacji Zwi\u0105zk\u00f3w Zawodowych S\u0142u\u017cb Mundurowych"}]},{"@type":"WebSite","@id":"https:\/\/nszzfipwkrakow.pl\/#website","url":"https:\/\/nszzfipwkrakow.pl\/","name":"NSZZFIPW KRAK\u00d3W","description":"ZARZ\u0104D OKR\u0118GOWY KRAK\u00d3W","potentialAction":[{"@type":"SearchAction","target":{"@type":"EntryPoint","urlTemplate":"https:\/\/nszzfipwkrakow.pl\/?s={search_term_string}"},"query-input":{"@type":"PropertyValueSpecification","valueRequired":true,"valueName":"search_term_string"}}],"inLanguage":"pl-PL"},{"@type":"Person","@id":"https:\/\/nszzfipwkrakow.pl\/#\/schema\/person\/6ed4f5653fcef94e0679828bd6c401a3","name":"admin","image":{"@type":"ImageObject","inLanguage":"pl-PL","@id":"https:\/\/nszzfipwkrakow.pl\/#\/schema\/person\/image\/","url":"https:\/\/secure.gravatar.com\/avatar\/a70b0ad75215a3dab992971e93f6fa17d27386e5f39894f93a7a74854f9c125c?s=96&d=mm&r=g","contentUrl":"https:\/\/secure.gravatar.com\/avatar\/a70b0ad75215a3dab992971e93f6fa17d27386e5f39894f93a7a74854f9c125c?s=96&d=mm&r=g","caption":"admin"},"url":"https:\/\/nszzfipwkrakow.pl\/?author=1"}]}},"_links":{"self":[{"href":"https:\/\/nszzfipwkrakow.pl\/index.php?rest_route=\/wp\/v2\/posts\/3275","targetHints":{"allow":["GET"]}}],"collection":[{"href":"https:\/\/nszzfipwkrakow.pl\/index.php?rest_route=\/wp\/v2\/posts"}],"about":[{"href":"https:\/\/nszzfipwkrakow.pl\/index.php?rest_route=\/wp\/v2\/types\/post"}],"author":[{"embeddable":true,"href":"https:\/\/nszzfipwkrakow.pl\/index.php?rest_route=\/wp\/v2\/users\/1"}],"replies":[{"embeddable":true,"href":"https:\/\/nszzfipwkrakow.pl\/index.php?rest_route=%2Fwp%2Fv2%2Fcomments&post=3275"}],"version-history":[{"count":2,"href":"https:\/\/nszzfipwkrakow.pl\/index.php?rest_route=\/wp\/v2\/posts\/3275\/revisions"}],"predecessor-version":[{"id":3292,"href":"https:\/\/nszzfipwkrakow.pl\/index.php?rest_route=\/wp\/v2\/posts\/3275\/revisions\/3292"}],"wp:featuredmedia":[{"embeddable":true,"href":"https:\/\/nszzfipwkrakow.pl\/index.php?rest_route=\/wp\/v2\/media\/3288"}],"wp:attachment":[{"href":"https:\/\/nszzfipwkrakow.pl\/index.php?rest_route=%2Fwp%2Fv2%2Fmedia&parent=3275"}],"wp:term":[{"taxonomy":"category","embeddable":true,"href":"https:\/\/nszzfipwkrakow.pl\/index.php?rest_route=%2Fwp%2Fv2%2Fcategories&post=3275"},{"taxonomy":"post_tag","embeddable":true,"href":"https:\/\/nszzfipwkrakow.pl\/index.php?rest_route=%2Fwp%2Fv2%2Ftags&post=3275"}],"curies":[{"name":"wp","href":"https:\/\/api.w.org\/{rel}","templated":true}]}}