{"id":3308,"date":"2025-03-04T13:10:24","date_gmt":"2025-03-04T12:10:24","guid":{"rendered":"https:\/\/nszzfipwkrakow.pl\/?p=3308"},"modified":"2025-03-07T13:11:56","modified_gmt":"2025-03-07T12:11:56","slug":"funkcjonariuszu-sluzby-wieziennej-twoja-obecnosc-na-manifestacji-jest-konieczna","status":"publish","type":"post","link":"https:\/\/nszzfipwkrakow.pl\/?p=3308","title":{"rendered":"FUNKCJONARIUSZU S\u0141U\u017bBY WI\u0118ZIENNEJ \u2013 TWOJA OBECNO\u015a\u0106 NA MANIFESTACJI JEST KONIECZNA!"},"content":{"rendered":"\n<p><strong>FUNKCJONARIUSZU S\u0141U\u017bBY WI\u0118ZIENNEJ \u2013 TWOJA OBECNO\u015a\u0106 NA MANIFESTACJI JEST KONIECZNA!<\/strong><\/p>\n\n\n\n<p><strong>20 MARCA 2025 \u2013 WARSZAWA \u2013 GODZINA 11:45<\/strong><\/p>\n\n\n\n<p><strong>TO MOMENT, W KT\u00d3RYM MUSIMY POKAZA\u0106 SI\u0141\u0118!<\/strong><\/p>\n\n\n\n<p><strong>Koledzy i Kole\u017canki!<\/strong><\/p>\n\n\n\n<p>Ka\u017cdego dnia pe\u0142nimy s\u0142u\u017cb\u0119 w skrajnie trudnych warunkach, ponosz\u0105c ogromn\u0105 odpowiedzialno\u015b\u0107 za bezpiecze\u0144stwo obywateli. Pa\u0144stwo wymaga od nas po\u015bwi\u0119cenia, ale od lat odmawia nam nale\u017cnego szacunku i godnych warunk\u00f3w s\u0142u\u017cby!<\/p>\n\n\n\n<p><strong>NASZE \u017b\u0104DANIA<\/strong><\/p>\n\n\n\n<ul class=\"wp-block-list\">\n<li>\u015awiadczenie mieszkaniowe, kt\u00f3re inne formacje maj\u0105 ju\u017c zapewnione!<\/li>\n\n\n\n<li>Modernizacja uposa\u017ce\u0144, poniewa\u017c nasza s\u0142u\u017cba zas\u0142uguje na godne wynagrodzenie!<\/li>\n<\/ul>\n\n\n\n<p>Ile jeszcze mamy czeka\u0107?! Im d\u0142u\u017cej milczymy, tym bardziej nas ignoruj\u0105!<\/p>\n\n\n\n<p><strong>TERAZ ALBO NIGDY!<\/strong><\/p>\n\n\n\n<p><img decoding=\"async\" height=\"16\" width=\"16\" src=\"https:\/\/static.xx.fbcdn.net\/images\/emoji.php\/v9\/t39\/1\/16\/1f4e2.png\" alt=\"\ud83d\udce2\"><strong>&nbsp;DO\u015a\u0106 NIER\u00d3WNEGO TRAKTOWANIA!<\/strong><\/p>\n\n\n\n<p><img decoding=\"async\" height=\"16\" width=\"16\" src=\"https:\/\/static.xx.fbcdn.net\/images\/emoji.php\/v9\/t39\/1\/16\/1f4e2.png\" alt=\"\ud83d\udce2\">&nbsp;<strong>DO\u015a\u0106 ODK\u0141ADANIA NASZYCH POSTULAT\u00d3W NA P\u00d3\u0179NIEJ!<\/strong><\/p>\n\n\n\n<p><strong>&nbsp;DO\u015a\u0106 LEKCEWA\u017bENIA S\u0141U\u017bBY WI\u0118ZIENNEJ!<\/strong><\/p>\n\n\n\n<p>Ca\u0142a Polska zobaczy, \u017ce S\u0142u\u017cba Wi\u0119zienna to nie zapomniany dodatek do systemu bezpiecze\u0144stwa \u2013 TO JEGO FUNDAMENT!<\/p>\n\n\n\n<p>Nie pozw\u00f3lmy, by nas lekcewa\u017cono! Sta\u0144my rami\u0119 w rami\u0119 i poka\u017cmy, \u017ce&nbsp;<strong>S\u0142u\u017cba Wi\u0119zienna to jedno\u015b\u0107, si\u0142a i determinacja!<\/strong><\/p>\n\n\n\n<p><img decoding=\"async\" height=\"16\" width=\"16\" src=\"https:\/\/static.xx.fbcdn.net\/images\/emoji.php\/v9\/t6e\/1\/16\/1f534.png\" alt=\"\ud83d\udd34\">&nbsp;<strong>B\u0104D\u0179 TAM! WALCZ O SWOJ\u0104 PRZYSZ\u0141O\u015a\u0106!&nbsp;<\/strong><img decoding=\"async\" height=\"16\" width=\"16\" src=\"https:\/\/static.xx.fbcdn.net\/images\/emoji.php\/v9\/t6e\/1\/16\/1f534.png\" alt=\"\ud83d\udd34\"><\/p>\n\n\n\n<figure class=\"wp-block-image size-full\"><img fetchpriority=\"high\" decoding=\"async\" width=\"724\" height=\"1024\" src=\"http:\/\/nszzfipwkrakow.pl\/wp-content\/uploads\/2025\/03\/1024.jpg\" alt=\"\" class=\"wp-image-3309\" srcset=\"https:\/\/nszzfipwkrakow.pl\/wp-content\/uploads\/2025\/03\/1024.jpg 724w, https:\/\/nszzfipwkrakow.pl\/wp-content\/uploads\/2025\/03\/1024-212x300.jpg 212w\" sizes=\"(max-width: 724px) 100vw, 724px\" \/><\/figure>\n","protected":false},"excerpt":{"rendered":"<p>FUNKCJONARIUSZU S\u0141U\u017bBY WI\u0118ZIENNEJ \u2013 TWOJA OBECNO\u015a\u0106 NA MANIFESTACJI JEST KONIECZNA! 20 MARCA 2025 \u2013 WARSZAWA \u2013 GODZINA 11:45 TO MOMENT, W KT\u00d3RYM MUSIMY POKAZA\u0106 SI\u0141\u0118! Koledzy i Kole\u017canki! Ka\u017cdego dnia pe\u0142nimy s\u0142u\u017cb\u0119 w skrajnie trudnych warunkach, ponosz\u0105c ogromn\u0105 odpowiedzialno\u015b\u0107 za bezpiecze\u0144stwo obywateli. Pa\u0144stwo wymaga od nas po\u015bwi\u0119cenia, ale od lat odmawia nam nale\u017cnego szacunku i&#8230; <\/p>\n","protected":false},"author":1,"featured_media":3310,"comment_status":"closed","ping_status":"closed","sticky":false,"template":"","format":"standard","meta":{"footnotes":""},"categories":[1],"tags":[],"class_list":["post-3308","post","type-post","status-publish","format-standard","has-post-thumbnail","hentry","category-bez-kategorii"],"yoast_head":"<!-- This site is optimized with the Yoast SEO plugin v23.6 - https:\/\/yoast.com\/wordpress\/plugins\/seo\/ -->\n<title>FUNKCJONARIUSZU S\u0141U\u017bBY WI\u0118ZIENNEJ \u2013 TWOJA OBECNO\u015a\u0106 NA MANIFESTACJI JEST KONIECZNA! - NSZZFIPW KRAK\u00d3W<\/title>\n<meta name=\"robots\" content=\"index, follow, max-snippet:-1, max-image-preview:large, max-video-preview:-1\" \/>\n<link rel=\"canonical\" href=\"https:\/\/nszzfipwkrakow.pl\/?p=3308\" \/>\n<meta property=\"og:locale\" content=\"pl_PL\" \/>\n<meta property=\"og:type\" content=\"article\" \/>\n<meta property=\"og:title\" content=\"FUNKCJONARIUSZU S\u0141U\u017bBY WI\u0118ZIENNEJ \u2013 TWOJA OBECNO\u015a\u0106 NA MANIFESTACJI JEST KONIECZNA! - NSZZFIPW KRAK\u00d3W\" \/>\n<meta property=\"og:description\" content=\"FUNKCJONARIUSZU S\u0141U\u017bBY WI\u0118ZIENNEJ \u2013 TWOJA OBECNO\u015a\u0106 NA MANIFESTACJI JEST KONIECZNA! 20 MARCA 2025 \u2013 WARSZAWA \u2013 GODZINA 11:45 TO MOMENT, W KT\u00d3RYM MUSIMY POKAZA\u0106 SI\u0141\u0118! Koledzy i Kole\u017canki! Ka\u017cdego dnia pe\u0142nimy s\u0142u\u017cb\u0119 w skrajnie trudnych warunkach, ponosz\u0105c ogromn\u0105 odpowiedzialno\u015b\u0107 za bezpiecze\u0144stwo obywateli. Pa\u0144stwo wymaga od nas po\u015bwi\u0119cenia, ale od lat odmawia nam nale\u017cnego szacunku i...\" \/>\n<meta property=\"og:url\" content=\"https:\/\/nszzfipwkrakow.pl\/?p=3308\" \/>\n<meta property=\"og:site_name\" content=\"NSZZFIPW KRAK\u00d3W\" \/>\n<meta property=\"article:published_time\" content=\"2025-03-04T12:10:24+00:00\" \/>\n<meta property=\"article:modified_time\" content=\"2025-03-07T12:11:56+00:00\" \/>\n<meta property=\"og:image\" content=\"http:\/\/nszzfipwkrakow.pl\/wp-content\/uploads\/2025\/03\/wyrozniajacy.jpeg\" \/>\n\t<meta property=\"og:image:width\" content=\"700\" \/>\n\t<meta property=\"og:image:height\" content=\"433\" \/>\n\t<meta property=\"og:image:type\" content=\"image\/jpeg\" \/>\n<meta name=\"author\" content=\"admin\" \/>\n<meta name=\"twitter:card\" content=\"summary_large_image\" \/>\n<meta name=\"twitter:label1\" content=\"Napisane przez\" \/>\n\t<meta name=\"twitter:data1\" content=\"admin\" \/>\n\t<meta name=\"twitter:label2\" content=\"Szacowany czas czytania\" \/>\n\t<meta name=\"twitter:data2\" content=\"1 minuta\" \/>\n<script type=\"application\/ld+json\" class=\"yoast-schema-graph\">{\"@context\":\"https:\/\/schema.org\",\"@graph\":[{\"@type\":\"WebPage\",\"@id\":\"https:\/\/nszzfipwkrakow.pl\/?p=3308\",\"url\":\"https:\/\/nszzfipwkrakow.pl\/?p=3308\",\"name\":\"FUNKCJONARIUSZU S\u0141U\u017bBY WI\u0118ZIENNEJ \u2013 TWOJA OBECNO\u015a\u0106 NA MANIFESTACJI JEST KONIECZNA! - NSZZFIPW KRAK\u00d3W\",\"isPartOf\":{\"@id\":\"https:\/\/nszzfipwkrakow.pl\/#website\"},\"primaryImageOfPage\":{\"@id\":\"https:\/\/nszzfipwkrakow.pl\/?p=3308#primaryimage\"},\"image\":{\"@id\":\"https:\/\/nszzfipwkrakow.pl\/?p=3308#primaryimage\"},\"thumbnailUrl\":\"https:\/\/nszzfipwkrakow.pl\/wp-content\/uploads\/2025\/03\/wyrozniajacy.jpeg\",\"datePublished\":\"2025-03-04T12:10:24+00:00\",\"dateModified\":\"2025-03-07T12:11:56+00:00\",\"author\":{\"@id\":\"https:\/\/nszzfipwkrakow.pl\/#\/schema\/person\/6ed4f5653fcef94e0679828bd6c401a3\"},\"breadcrumb\":{\"@id\":\"https:\/\/nszzfipwkrakow.pl\/?p=3308#breadcrumb\"},\"inLanguage\":\"pl-PL\",\"potentialAction\":[{\"@type\":\"ReadAction\",\"target\":[\"https:\/\/nszzfipwkrakow.pl\/?p=3308\"]}]},{\"@type\":\"ImageObject\",\"inLanguage\":\"pl-PL\",\"@id\":\"https:\/\/nszzfipwkrakow.pl\/?p=3308#primaryimage\",\"url\":\"https:\/\/nszzfipwkrakow.pl\/wp-content\/uploads\/2025\/03\/wyrozniajacy.jpeg\",\"contentUrl\":\"https:\/\/nszzfipwkrakow.pl\/wp-content\/uploads\/2025\/03\/wyrozniajacy.jpeg\",\"width\":700,\"height\":433},{\"@type\":\"BreadcrumbList\",\"@id\":\"https:\/\/nszzfipwkrakow.pl\/?p=3308#breadcrumb\",\"itemListElement\":[{\"@type\":\"ListItem\",\"position\":1,\"name\":\"Strona g\u0142\u00f3wna\",\"item\":\"https:\/\/nszzfipwkrakow.pl\/\"},{\"@type\":\"ListItem\",\"position\":2,\"name\":\"FUNKCJONARIUSZU S\u0141U\u017bBY WI\u0118ZIENNEJ \u2013 TWOJA OBECNO\u015a\u0106 NA MANIFESTACJI JEST KONIECZNA!\"}]},{\"@type\":\"WebSite\",\"@id\":\"https:\/\/nszzfipwkrakow.pl\/#website\",\"url\":\"https:\/\/nszzfipwkrakow.pl\/\",\"name\":\"NSZZFIPW KRAK\u00d3W\",\"description\":\"ZARZ\u0104D OKR\u0118GOWY KRAK\u00d3W\",\"potentialAction\":[{\"@type\":\"SearchAction\",\"target\":{\"@type\":\"EntryPoint\",\"urlTemplate\":\"https:\/\/nszzfipwkrakow.pl\/?s={search_term_string}\"},\"query-input\":{\"@type\":\"PropertyValueSpecification\",\"valueRequired\":true,\"valueName\":\"search_term_string\"}}],\"inLanguage\":\"pl-PL\"},{\"@type\":\"Person\",\"@id\":\"https:\/\/nszzfipwkrakow.pl\/#\/schema\/person\/6ed4f5653fcef94e0679828bd6c401a3\",\"name\":\"admin\",\"image\":{\"@type\":\"ImageObject\",\"inLanguage\":\"pl-PL\",\"@id\":\"https:\/\/nszzfipwkrakow.pl\/#\/schema\/person\/image\/\",\"url\":\"https:\/\/secure.gravatar.com\/avatar\/a70b0ad75215a3dab992971e93f6fa17d27386e5f39894f93a7a74854f9c125c?s=96&d=mm&r=g\",\"contentUrl\":\"https:\/\/secure.gravatar.com\/avatar\/a70b0ad75215a3dab992971e93f6fa17d27386e5f39894f93a7a74854f9c125c?s=96&d=mm&r=g\",\"caption\":\"admin\"},\"url\":\"https:\/\/nszzfipwkrakow.pl\/?author=1\"}]}<\/script>\n<!-- \/ Yoast SEO plugin. -->","yoast_head_json":{"title":"FUNKCJONARIUSZU S\u0141U\u017bBY WI\u0118ZIENNEJ \u2013 TWOJA OBECNO\u015a\u0106 NA MANIFESTACJI JEST KONIECZNA! - NSZZFIPW KRAK\u00d3W","robots":{"index":"index","follow":"follow","max-snippet":"max-snippet:-1","max-image-preview":"max-image-preview:large","max-video-preview":"max-video-preview:-1"},"canonical":"https:\/\/nszzfipwkrakow.pl\/?p=3308","og_locale":"pl_PL","og_type":"article","og_title":"FUNKCJONARIUSZU S\u0141U\u017bBY WI\u0118ZIENNEJ \u2013 TWOJA OBECNO\u015a\u0106 NA MANIFESTACJI JEST KONIECZNA! - NSZZFIPW KRAK\u00d3W","og_description":"FUNKCJONARIUSZU S\u0141U\u017bBY WI\u0118ZIENNEJ \u2013 TWOJA OBECNO\u015a\u0106 NA MANIFESTACJI JEST KONIECZNA! 20 MARCA 2025 \u2013 WARSZAWA \u2013 GODZINA 11:45 TO MOMENT, W KT\u00d3RYM MUSIMY POKAZA\u0106 SI\u0141\u0118! Koledzy i Kole\u017canki! Ka\u017cdego dnia pe\u0142nimy s\u0142u\u017cb\u0119 w skrajnie trudnych warunkach, ponosz\u0105c ogromn\u0105 odpowiedzialno\u015b\u0107 za bezpiecze\u0144stwo obywateli. Pa\u0144stwo wymaga od nas po\u015bwi\u0119cenia, ale od lat odmawia nam nale\u017cnego szacunku i...","og_url":"https:\/\/nszzfipwkrakow.pl\/?p=3308","og_site_name":"NSZZFIPW KRAK\u00d3W","article_published_time":"2025-03-04T12:10:24+00:00","article_modified_time":"2025-03-07T12:11:56+00:00","og_image":[{"width":700,"height":433,"url":"http:\/\/nszzfipwkrakow.pl\/wp-content\/uploads\/2025\/03\/wyrozniajacy.jpeg","type":"image\/jpeg"}],"author":"admin","twitter_card":"summary_large_image","twitter_misc":{"Napisane przez":"admin","Szacowany czas czytania":"1 minuta"},"schema":{"@context":"https:\/\/schema.org","@graph":[{"@type":"WebPage","@id":"https:\/\/nszzfipwkrakow.pl\/?p=3308","url":"https:\/\/nszzfipwkrakow.pl\/?p=3308","name":"FUNKCJONARIUSZU S\u0141U\u017bBY WI\u0118ZIENNEJ \u2013 TWOJA OBECNO\u015a\u0106 NA MANIFESTACJI JEST KONIECZNA! - NSZZFIPW KRAK\u00d3W","isPartOf":{"@id":"https:\/\/nszzfipwkrakow.pl\/#website"},"primaryImageOfPage":{"@id":"https:\/\/nszzfipwkrakow.pl\/?p=3308#primaryimage"},"image":{"@id":"https:\/\/nszzfipwkrakow.pl\/?p=3308#primaryimage"},"thumbnailUrl":"https:\/\/nszzfipwkrakow.pl\/wp-content\/uploads\/2025\/03\/wyrozniajacy.jpeg","datePublished":"2025-03-04T12:10:24+00:00","dateModified":"2025-03-07T12:11:56+00:00","author":{"@id":"https:\/\/nszzfipwkrakow.pl\/#\/schema\/person\/6ed4f5653fcef94e0679828bd6c401a3"},"breadcrumb":{"@id":"https:\/\/nszzfipwkrakow.pl\/?p=3308#breadcrumb"},"inLanguage":"pl-PL","potentialAction":[{"@type":"ReadAction","target":["https:\/\/nszzfipwkrakow.pl\/?p=3308"]}]},{"@type":"ImageObject","inLanguage":"pl-PL","@id":"https:\/\/nszzfipwkrakow.pl\/?p=3308#primaryimage","url":"https:\/\/nszzfipwkrakow.pl\/wp-content\/uploads\/2025\/03\/wyrozniajacy.jpeg","contentUrl":"https:\/\/nszzfipwkrakow.pl\/wp-content\/uploads\/2025\/03\/wyrozniajacy.jpeg","width":700,"height":433},{"@type":"BreadcrumbList","@id":"https:\/\/nszzfipwkrakow.pl\/?p=3308#breadcrumb","itemListElement":[{"@type":"ListItem","position":1,"name":"Strona g\u0142\u00f3wna","item":"https:\/\/nszzfipwkrakow.pl\/"},{"@type":"ListItem","position":2,"name":"FUNKCJONARIUSZU S\u0141U\u017bBY WI\u0118ZIENNEJ \u2013 TWOJA OBECNO\u015a\u0106 NA MANIFESTACJI JEST KONIECZNA!"}]},{"@type":"WebSite","@id":"https:\/\/nszzfipwkrakow.pl\/#website","url":"https:\/\/nszzfipwkrakow.pl\/","name":"NSZZFIPW KRAK\u00d3W","description":"ZARZ\u0104D OKR\u0118GOWY KRAK\u00d3W","potentialAction":[{"@type":"SearchAction","target":{"@type":"EntryPoint","urlTemplate":"https:\/\/nszzfipwkrakow.pl\/?s={search_term_string}"},"query-input":{"@type":"PropertyValueSpecification","valueRequired":true,"valueName":"search_term_string"}}],"inLanguage":"pl-PL"},{"@type":"Person","@id":"https:\/\/nszzfipwkrakow.pl\/#\/schema\/person\/6ed4f5653fcef94e0679828bd6c401a3","name":"admin","image":{"@type":"ImageObject","inLanguage":"pl-PL","@id":"https:\/\/nszzfipwkrakow.pl\/#\/schema\/person\/image\/","url":"https:\/\/secure.gravatar.com\/avatar\/a70b0ad75215a3dab992971e93f6fa17d27386e5f39894f93a7a74854f9c125c?s=96&d=mm&r=g","contentUrl":"https:\/\/secure.gravatar.com\/avatar\/a70b0ad75215a3dab992971e93f6fa17d27386e5f39894f93a7a74854f9c125c?s=96&d=mm&r=g","caption":"admin"},"url":"https:\/\/nszzfipwkrakow.pl\/?author=1"}]}},"_links":{"self":[{"href":"https:\/\/nszzfipwkrakow.pl\/index.php?rest_route=\/wp\/v2\/posts\/3308","targetHints":{"allow":["GET"]}}],"collection":[{"href":"https:\/\/nszzfipwkrakow.pl\/index.php?rest_route=\/wp\/v2\/posts"}],"about":[{"href":"https:\/\/nszzfipwkrakow.pl\/index.php?rest_route=\/wp\/v2\/types\/post"}],"author":[{"embeddable":true,"href":"https:\/\/nszzfipwkrakow.pl\/index.php?rest_route=\/wp\/v2\/users\/1"}],"replies":[{"embeddable":true,"href":"https:\/\/nszzfipwkrakow.pl\/index.php?rest_route=%2Fwp%2Fv2%2Fcomments&post=3308"}],"version-history":[{"count":1,"href":"https:\/\/nszzfipwkrakow.pl\/index.php?rest_route=\/wp\/v2\/posts\/3308\/revisions"}],"predecessor-version":[{"id":3311,"href":"https:\/\/nszzfipwkrakow.pl\/index.php?rest_route=\/wp\/v2\/posts\/3308\/revisions\/3311"}],"wp:featuredmedia":[{"embeddable":true,"href":"https:\/\/nszzfipwkrakow.pl\/index.php?rest_route=\/wp\/v2\/media\/3310"}],"wp:attachment":[{"href":"https:\/\/nszzfipwkrakow.pl\/index.php?rest_route=%2Fwp%2Fv2%2Fmedia&parent=3308"}],"wp:term":[{"taxonomy":"category","embeddable":true,"href":"https:\/\/nszzfipwkrakow.pl\/index.php?rest_route=%2Fwp%2Fv2%2Fcategories&post=3308"},{"taxonomy":"post_tag","embeddable":true,"href":"https:\/\/nszzfipwkrakow.pl\/index.php?rest_route=%2Fwp%2Fv2%2Ftags&post=3308"}],"curies":[{"name":"wp","href":"https:\/\/api.w.org\/{rel}","templated":true}]}}